{"id":14,"date":"2008-04-03T12:18:29","date_gmt":"2008-04-03T12:18:29","guid":{"rendered":"http:\/\/blogs.eldiariomontanes.es\/elpaseante\/?p=14"},"modified":"2008-04-03T12:18:29","modified_gmt":"2008-04-03T12:18:29","slug":"hay-agujero-el-mapa","status":"publish","type":"post","link":"https:\/\/blogs.eldiariomontanes.es\/elpaseante\/2008\/04\/03\/hay-agujero-el-mapa\/","title":{"rendered":"Hay un agujero en el mapa"},"content":{"rendered":"\n<p class=\"MsoNormal\"><span lang=\"ES-TRAD\">D\u00e9jame ver las noticias, mam\u00e1! De esta frase inicial se pueden extraer dos conclusiones. La primera es que a mis 31 a\u00f1azos todav\u00eda voy a comer a diario a casa de Gracita (que ya me vale, lo admito). Y la segunda es que mi madre siempre me interroga mientras vemos el Telediario (antes de que me obligue a cambiar para poner \u2018Saber y Ganar\u2019, que para eso es su casa y el mando es suyo\u2026).<\/span><\/p>\n<p class=\"MsoNormal\"><span lang=\"ES-TRAD\">Pero hace bien poco, me hizo una pregunta a la que no supe responder: \u2018\u00bfPor qu\u00e9 nunca sale Cantabria?\u2019. Y es que tiene raz\u00f3n&#8230; Hagan la prueba: Noticia de temporal en el norte; conexi\u00f3n en directo con la playa de Riazor (<st1:PersonName productid=\"La Coru\u00f1a\" w:st=\"on\">La  Coru\u00f1a<\/st1:PersonName>) y con <st1:PersonName productid=\"La Concha\" w:st=\"on\">La  Concha<\/st1:PersonName> (San Sebasti\u00e1n) y, a continuaci\u00f3n, im\u00e1genes de gente con paraguas en Vitoria, bolazos de nieve entre dos cr\u00edos en Pamplona, un camionero atascado en Altube y entrevistas por las calles de Bilbao. Luego dan el parte del tiempo y dicen que llover\u00e1 en toda la cornisa mientras el dedo del meteor\u00f3logo se\u00f1ala a gallegos y vascos \u2013y, como mucho, a navarros\u2013 y resbala por el resto de autonom\u00edas. Y los ejemplos no s\u00f3lo tienen que ver con la meteorolog\u00eda. Conexiones para saber c\u00f3mo evolucionan los precios de la vivienda, ejemplos de celebraciones de Carnaval o manifestaciones contra el terrorismo\u2026<span style=\"\">   <\/span><\/span><\/p>\n<p class=\"MsoNormal\"><span lang=\"ES-TRAD\">Y digo yo que el viento pega aqu\u00ed tan fuerte como en cualquier lado, que para paraguas los de Santander, que en Mataporquera pueden dar lecciones de nieve y que en El Escudo tambi\u00e9n se paran los camiones. M\u00e1s a\u00fan, para urbanismo, El Cuco, de carnavales, Santo\u00f1a, y de terrorismo\u2026 De terrorismo, cualquiera\u2026 <\/span><\/p>\n<p class=\"MsoNormal\"><span lang=\"ES-TRAD\">As\u00ed que salvo que se derrumbe Valdecilla, se nos caiga el Cabildo o Revilla coja un taxi, nosotros no salimos y yo no encuentro respuestas para explicar a mi madre que entre Galicia y el Pa\u00eds Vasco no hay un agujero. Y todo, aunque la cornisa sea Cant\u00e1brica y el mar donde todos se ba\u00f1an, tambi\u00e9n.<\/span><\/p>\n<p class=\"MsoNormal\"><span lang=\"ES-TRAD\">Por cierto mam\u00e1, ma\u00f1ana voy a comer.<\/span><\/p>\n<!-- AddThis Advanced Settings generic via filter on the_content --><!-- AddThis Share Buttons generic via filter on the_content -->","protected":false},"excerpt":{"rendered":"<p>D\u00e9jame ver las noticias, mam\u00e1! De esta frase inicial se pueden extraer dos conclusiones. La primera es que a mis 31 a\u00f1azos todav\u00eda voy a comer a diario a casa de Gracita (que ya me vale, lo admito). Y la segunda es que mi madre siempre me interroga mientras vemos el Telediario (antes de que [&hellip;]<!-- AddThis Advanced Settings generic via filter on get_the_excerpt --><!-- AddThis Share Buttons generic via filter on get_the_excerpt --><\/p>\n","protected":false},"author":7,"featured_media":0,"comment_status":"open","ping_status":"closed","sticky":false,"template":"","format":"standard","meta":[],"categories":[2],"tags":[],"_links":{"self":[{"href":"https:\/\/blogs.eldiariomontanes.es\/elpaseante\/wp-json\/wp\/v2\/posts\/14"}],"collection":[{"href":"https:\/\/blogs.eldiariomontanes.es\/elpaseante\/wp-json\/wp\/v2\/posts"}],"about":[{"href":"https:\/\/blogs.eldiariomontanes.es\/elpaseante\/wp-json\/wp\/v2\/types\/post"}],"author":[{"embeddable":true,"href":"https:\/\/blogs.eldiariomontanes.es\/elpaseante\/wp-json\/wp\/v2\/users\/7"}],"replies":[{"embeddable":true,"href":"https:\/\/blogs.eldiariomontanes.es\/elpaseante\/wp-json\/wp\/v2\/comments?post=14"}],"version-history":[{"count":0,"href":"https:\/\/blogs.eldiariomontanes.es\/elpaseante\/wp-json\/wp\/v2\/posts\/14\/revisions"}],"wp:attachment":[{"href":"https:\/\/blogs.eldiariomontanes.es\/elpaseante\/wp-json\/wp\/v2\/media?parent=14"}],"wp:term":[{"taxonomy":"category","embeddable":true,"href":"https:\/\/blogs.eldiariomontanes.es\/elpaseante\/wp-json\/wp\/v2\/categories?post=14"},{"taxonomy":"post_tag","embeddable":true,"href":"https:\/\/blogs.eldiariomontanes.es\/elpaseante\/wp-json\/wp\/v2\/tags?post=14"}],"curies":[{"name":"wp","href":"https:\/\/api.w.org\/{rel}","templated":true}]}}