{"id":95,"date":"2015-01-19T19:32:46","date_gmt":"2015-01-19T18:32:46","guid":{"rendered":"http:\/\/blogs.eldiariomontanes.es\/economato\/?p=95"},"modified":"2015-01-19T19:32:46","modified_gmt":"2015-01-19T18:32:46","slug":"cachones","status":"publish","type":"post","link":"https:\/\/blogs.eldiariomontanes.es\/economato\/2015\/01\/19\/cachones\/","title":{"rendered":"Cachones"},"content":{"rendered":"<p>Esta semana hice mi visita habitual al Mercado de la Esperanza, arriba y abajo. En los puestos de pescado encontr\u00e9 mucho cach\u00f3n, ese cefal\u00f3podo tan c\u00e1ntabro que comienza a cogerse a finales de a\u00f1o y perdura hasta junio o julio. A buen precio, sobre ocho euros el kilo, y de buen tama\u00f1o.<br \/>\nMe gusta como lo preparan en la Plaza. Jes\u00fas D\u00edaz y Manolo Aller, amiguetes de hace a\u00f1os. Lo cortan que es un espect\u00e1culo. Me suelo quedar vi\u00e9ndoles partir el bicho: primero abren el cach\u00f3n, separan cuerpo y cabeza y luego le sacan el interior y la tinta. Despu\u00e9s, con un pa\u00f1o, le quitan la piel. Finalmente lo trocean. Un ritual digno de admiraci\u00f3n.<br \/>\nEl cach\u00f3n, primo carnal de la sepia, esa que tanto gusta a la plancha en tierras levantinas con ali oli, es un producto aut\u00f3ctono de nuestra costa. Dicen que los mejores son los que se pescan en la bah\u00eda, con guada\u00f1eta, como los maganos, su pariente m\u00e1s elegante y distinguido.<br \/>\nEs f\u00e1cil de preparar y, como siempre, cada un tiene su truco. Las recetas m\u00e1s t\u00edpicas, la de andar por casa, son las del cach\u00f3n en su tinta, con patatas, en rabas, a la gallega o en vinagreta, entre otras.<br \/>\nPara hacerlo en su tinta los ingredientes b\u00e1sicos son el cach\u00f3n cortado en trozos, bien de cebolla, ajo, un poco de pimiento verde, la tinta, sal y vino blanco. Mi madre, buena cocinera, siempre me dec\u00eda. \u00a1En crudo, hazlo en crudo! Esto es, cortar la cebolla, el pimiento y el ajo y ponerlo en el fondo de la cazuela. Encima el cach\u00f3n y la sal. Cuando comience a pocharse todo un poco se agrega el vino blanco y se deja cocer hasta que el cefal\u00f3podo est\u00e9 a gusto del consumidor. En ese momento se agrega la tinta y se deja un poquito m\u00e1s al fuego.<br \/>\nCon patatas se necesitan esos mismos ingredientes, menos la tinta, sum\u00e1ndole unas cucharas de salsa de tomate. Se hace igual que las patatas a La Riojana y son uno de los manjares m\u00e1s sencillos de hacer y que, adem\u00e1s, seguro, le gustan a toda la familia.<\/p>\n<!-- AddThis Advanced Settings generic via filter on the_content --><!-- AddThis Share Buttons generic via filter on the_content -->","protected":false},"excerpt":{"rendered":"<p>Esta semana hice mi visita habitual al Mercado de la Esperanza, arriba y abajo. En los puestos de pescado encontr\u00e9 mucho cach\u00f3n, ese cefal\u00f3podo tan c\u00e1ntabro que comienza a cogerse a finales de a\u00f1o y perdura hasta junio o julio. A buen precio, sobre ocho euros el kilo, y de buen tama\u00f1o. Me gusta como [&hellip;]<!-- AddThis Advanced Settings generic via filter on get_the_excerpt --><!-- AddThis Share Buttons generic via filter on get_the_excerpt --><\/p>\n","protected":false},"author":23,"featured_media":0,"comment_status":"open","ping_status":"closed","sticky":false,"template":"","format":"standard","meta":[],"categories":[2],"tags":[],"_links":{"self":[{"href":"https:\/\/blogs.eldiariomontanes.es\/economato\/wp-json\/wp\/v2\/posts\/95"}],"collection":[{"href":"https:\/\/blogs.eldiariomontanes.es\/economato\/wp-json\/wp\/v2\/posts"}],"about":[{"href":"https:\/\/blogs.eldiariomontanes.es\/economato\/wp-json\/wp\/v2\/types\/post"}],"author":[{"embeddable":true,"href":"https:\/\/blogs.eldiariomontanes.es\/economato\/wp-json\/wp\/v2\/users\/23"}],"replies":[{"embeddable":true,"href":"https:\/\/blogs.eldiariomontanes.es\/economato\/wp-json\/wp\/v2\/comments?post=95"}],"version-history":[{"count":0,"href":"https:\/\/blogs.eldiariomontanes.es\/economato\/wp-json\/wp\/v2\/posts\/95\/revisions"}],"wp:attachment":[{"href":"https:\/\/blogs.eldiariomontanes.es\/economato\/wp-json\/wp\/v2\/media?parent=95"}],"wp:term":[{"taxonomy":"category","embeddable":true,"href":"https:\/\/blogs.eldiariomontanes.es\/economato\/wp-json\/wp\/v2\/categories?post=95"},{"taxonomy":"post_tag","embeddable":true,"href":"https:\/\/blogs.eldiariomontanes.es\/economato\/wp-json\/wp\/v2\/tags?post=95"}],"curies":[{"name":"wp","href":"https:\/\/api.w.org\/{rel}","templated":true}]}}