{"id":54,"date":"2014-09-01T19:16:55","date_gmt":"2014-09-01T17:16:55","guid":{"rendered":"http:\/\/blogs.eldiariomontanes.es\/economato\/?p=54"},"modified":"2014-09-01T19:16:55","modified_gmt":"2014-09-01T17:16:55","slug":"la-barbacoa","status":"publish","type":"post","link":"https:\/\/blogs.eldiariomontanes.es\/economato\/2014\/09\/01\/la-barbacoa\/","title":{"rendered":"La barbacoa"},"content":{"rendered":"<p>El secreto est\u00e1 en una buena brasa y en una carne de calidad, sin duda. Y \u00a1\u00a1\u00a1c\u00f3mo no!!!, en el punto de sal y el cari\u00f1o del \u2018parrillero\u2019. Vuelta y vuelta, al punto, un poco crudita por dentro. Casi la estoy oliendo desde la pantalla del ordenador. La carne: los filetes, solomillos, chuletas&#8230;, se fr\u00eden, generalmente, mucho y mal. Con ajo, con sal gorda o fina, pero siempre con el punto de cocci\u00f3n por encima de la media.<br \/>\nEn Cantabria somos muy de parrilladas de carnes variadas: chorizo criollo, hamburguesas, panceta, morcilla, pollo, ternera, morcillas&#8230; etc. Habituales en nuestras casas del pueblo y menos en los restaurantes m\u00e1s cercanos. Yo, cuando me pongo manos a la obra, voy a la Carnicer\u00eda Javier, en la calle Guevara de Santander, donde hacen unos lotes de barbacoa estupendos y a buen precio. Una cocina port\u00e1til y un balc\u00f3n son el plan perfecto para la ciudad. Estas cocinas, con recambios de gas en casi todas las grandes superficies comerciales, son un invento extraordinario. Son s\u00faperbaratas, f\u00e1ciles de manejar y vienen en un malet\u00edn para su transporte. Y te resuelven cualquier compromiso al aire libre. Yo me he atrevido ha hacer sardinas a la plancha en la mini-terraza de mi casa. Vivo en el \u00faltimo piso y el humo se fue para las estrellas. All\u00ed se qued\u00f3 el olor del pescado azul, durmiendo entre ellas.<\/p>\n<!-- AddThis Advanced Settings generic via filter on the_content --><!-- AddThis Share Buttons generic via filter on the_content -->","protected":false},"excerpt":{"rendered":"<p>El secreto est\u00e1 en una buena brasa y en una carne de calidad, sin duda. Y \u00a1\u00a1\u00a1c\u00f3mo no!!!, en el punto de sal y el cari\u00f1o del \u2018parrillero\u2019. Vuelta y vuelta, al punto, un poco crudita por dentro. Casi la estoy oliendo desde la pantalla del ordenador. La carne: los filetes, solomillos, chuletas&#8230;, se fr\u00eden, [&hellip;]<!-- AddThis Advanced Settings generic via filter on get_the_excerpt --><!-- AddThis Share Buttons generic via filter on get_the_excerpt --><\/p>\n","protected":false},"author":23,"featured_media":0,"comment_status":"open","ping_status":"closed","sticky":false,"template":"","format":"standard","meta":[],"categories":[2],"tags":[],"_links":{"self":[{"href":"https:\/\/blogs.eldiariomontanes.es\/economato\/wp-json\/wp\/v2\/posts\/54"}],"collection":[{"href":"https:\/\/blogs.eldiariomontanes.es\/economato\/wp-json\/wp\/v2\/posts"}],"about":[{"href":"https:\/\/blogs.eldiariomontanes.es\/economato\/wp-json\/wp\/v2\/types\/post"}],"author":[{"embeddable":true,"href":"https:\/\/blogs.eldiariomontanes.es\/economato\/wp-json\/wp\/v2\/users\/23"}],"replies":[{"embeddable":true,"href":"https:\/\/blogs.eldiariomontanes.es\/economato\/wp-json\/wp\/v2\/comments?post=54"}],"version-history":[{"count":0,"href":"https:\/\/blogs.eldiariomontanes.es\/economato\/wp-json\/wp\/v2\/posts\/54\/revisions"}],"wp:attachment":[{"href":"https:\/\/blogs.eldiariomontanes.es\/economato\/wp-json\/wp\/v2\/media?parent=54"}],"wp:term":[{"taxonomy":"category","embeddable":true,"href":"https:\/\/blogs.eldiariomontanes.es\/economato\/wp-json\/wp\/v2\/categories?post=54"},{"taxonomy":"post_tag","embeddable":true,"href":"https:\/\/blogs.eldiariomontanes.es\/economato\/wp-json\/wp\/v2\/tags?post=54"}],"curies":[{"name":"wp","href":"https:\/\/api.w.org\/{rel}","templated":true}]}}