{"id":410,"date":"2019-06-01T19:02:58","date_gmt":"2019-06-01T17:02:58","guid":{"rendered":"https:\/\/blogs.eldiariomontanes.es\/economato\/?p=410"},"modified":"2019-06-01T19:03:39","modified_gmt":"2019-06-01T17:03:39","slug":"labios-de-fresa-sabor-de-amor","status":"publish","type":"post","link":"https:\/\/blogs.eldiariomontanes.es\/economato\/2019\/06\/01\/labios-de-fresa-sabor-de-amor\/","title":{"rendered":"Labios de fresa sabor de amor&#8230;"},"content":{"rendered":"<p>Labios de fresa sabor de amor, pulpa de la fruta de la pasi\u00f3n&#8230; Besarte es como comer naranjas en agosto y uvas en abril\u00bb. Javier Ojeda, el solista de Danza Invisible, el grupo malague\u00f1o de la \u2018Movida Madrile\u00f1a\u2019, le cantaba, seguramente una esbelta moza, esa er\u00f3tica y m\u00edtica melod\u00eda. \u00abSabor de amor, todo me sabe a ti. Comerte ser\u00eda un placer, porque nada me gusta m\u00e1s que t\u00fa. Boca de pi\u00f1\u00f3n, b\u00e9same con frenes\u00ed, besarte es como comer palomitas de ma\u00edz&#8230;\u00bb Y es que la gastronom\u00eda y la m\u00fasica maridan tan bien como el mel\u00f3n con jam\u00f3n o los huevos con chorizo.<br \/>\nY si Danza Invisible hablaba en su \u2018Sabor de Amor\u2019 de partes calificadas para mayores de 18 a\u00f1os, la familia Flores se limitaba a cantarle con un poco de picante a la gastronom\u00eda. Fue primero Lola la que le ech\u00f3 guindas al pavo unos a\u00f1os antes que Rosa Morena y unos despu\u00e9s de Imperio Argentina. \u00abEchal\u00e9 guindas al pavo que yo le echar\u00e9 a la pava. Az\u00facar, canela y clavo. Que yo le echar\u00e9 a la pava azuquita, canela y clavo\u00bb.<br \/>\nEn 1992, Rosario, tambi\u00e9n se interesaba por la fruta y cantaba aquello de \u00abSabor, sabor, de rojo melocot\u00f3n&#8230; Oh, sabor, sabor, a la canela en flor, a fresca hierbabuena sabes hoy\u00bb. Y para no ser menos, en 2001, Lolita nos hac\u00eda mover el esqueleto como aquel \u00abSarandonga nos vamos a comer, sarandonga un arroz con bacalao. Sarandonga en lo alto del puerto, sarandonga que ma\u00f1ana es domingo\u00bb. Canci\u00f3n, por cierto, que tambi\u00e9n hab\u00eda interpretado en su d\u00eda La Faraona. Recuerdan al veraniego Georgie Dann entre el chiringuito y la barbacoa. El cantante y m\u00fasico parisino ha compuestos tanto que en sus letras tampoco han faltado la comida y la bebida: \u00abLa cerveza que buena est\u00e1, rubia o morena y eso que mas da\u00bb.<br \/>\nPero quiz\u00e1s \u2018lo m\u00e1s\u2019 sea esa genial obra de los Golden Apple Quarter que dice, entre otras cosas: \u00abSolomillo asado con patatas fritas, sesos huecos, h\u00edgado, liebre, chateaubriand\u00bb. Buen men\u00fa se\u00f1or.<\/p>\n<!-- AddThis Advanced Settings generic via filter on the_content --><!-- AddThis Share Buttons generic via filter on the_content -->","protected":false},"excerpt":{"rendered":"<p>Labios de fresa sabor de amor, pulpa de la fruta de la pasi\u00f3n&#8230; Besarte es como comer naranjas en agosto y uvas en abril\u00bb. Javier Ojeda, el solista de Danza Invisible, el grupo malague\u00f1o de la \u2018Movida Madrile\u00f1a\u2019, le cantaba, seguramente una esbelta moza, esa er\u00f3tica y m\u00edtica melod\u00eda. \u00abSabor de amor, todo me sabe [&hellip;]<!-- AddThis Advanced Settings generic via filter on get_the_excerpt --><!-- AddThis Share Buttons generic via filter on get_the_excerpt --><\/p>\n","protected":false},"author":23,"featured_media":0,"comment_status":"open","ping_status":"closed","sticky":false,"template":"","format":"standard","meta":[],"categories":[1],"tags":[],"_links":{"self":[{"href":"https:\/\/blogs.eldiariomontanes.es\/economato\/wp-json\/wp\/v2\/posts\/410"}],"collection":[{"href":"https:\/\/blogs.eldiariomontanes.es\/economato\/wp-json\/wp\/v2\/posts"}],"about":[{"href":"https:\/\/blogs.eldiariomontanes.es\/economato\/wp-json\/wp\/v2\/types\/post"}],"author":[{"embeddable":true,"href":"https:\/\/blogs.eldiariomontanes.es\/economato\/wp-json\/wp\/v2\/users\/23"}],"replies":[{"embeddable":true,"href":"https:\/\/blogs.eldiariomontanes.es\/economato\/wp-json\/wp\/v2\/comments?post=410"}],"version-history":[{"count":1,"href":"https:\/\/blogs.eldiariomontanes.es\/economato\/wp-json\/wp\/v2\/posts\/410\/revisions"}],"predecessor-version":[{"id":411,"href":"https:\/\/blogs.eldiariomontanes.es\/economato\/wp-json\/wp\/v2\/posts\/410\/revisions\/411"}],"wp:attachment":[{"href":"https:\/\/blogs.eldiariomontanes.es\/economato\/wp-json\/wp\/v2\/media?parent=410"}],"wp:term":[{"taxonomy":"category","embeddable":true,"href":"https:\/\/blogs.eldiariomontanes.es\/economato\/wp-json\/wp\/v2\/categories?post=410"},{"taxonomy":"post_tag","embeddable":true,"href":"https:\/\/blogs.eldiariomontanes.es\/economato\/wp-json\/wp\/v2\/tags?post=410"}],"curies":[{"name":"wp","href":"https:\/\/api.w.org\/{rel}","templated":true}]}}