{"id":406,"date":"2019-03-27T18:13:24","date_gmt":"2019-03-27T17:13:24","guid":{"rendered":"https:\/\/blogs.eldiariomontanes.es\/economato\/?p=406"},"modified":"2019-03-27T18:13:24","modified_gmt":"2019-03-27T17:13:24","slug":"las-colas-del-pan","status":"publish","type":"post","link":"https:\/\/blogs.eldiariomontanes.es\/economato\/2019\/03\/27\/las-colas-del-pan\/","title":{"rendered":"Las colas del pan"},"content":{"rendered":"<p>Conozco a algunas personas a las que no les gusta la carne o el pescado. A otras que no prueban el alcohol, incluso a muchas a las que la palabra verduras les produce urticaria. Es m\u00e1s, varios de mis amigos no dan ni medio c\u00e9ntimo por un plato de percebes. Sin embargo, desconozco al ser humano que rechace un currusco de pan, aunque sea del d\u00eda anterior. \u00bfQu\u00e9 tendr\u00e1 el pan para que un domingo por la ma\u00f1ana se hagan colas para comprar una baguette o una barra de media cocci\u00f3n? \u00bfQu\u00e9 ingredientes pueden crear tal adicci\u00f3n para que todos los d\u00edas est\u00e9n las panader\u00edas llenas e, incluso, proliferen los puestos de venta hasta en los barrios m\u00e1s desfavorecidos?<br \/>\nEn muchos pueblos de la regi\u00f3n el pan lo siguen dejando en la puerta de casa. El panadero, o alg\u00fan empleado, coge a primera hora el coche y va vivienda por vivienda repartiendo barras sacadas del horno unas pocas horas antes. Y, adem\u00e1s, te vende el peri\u00f3dico y hasta alg\u00fan producto de reposter\u00eda elaborado en su propio obrador.<br \/>\nQuiz\u00e1s ese ingrediente secreto que crea la adicci\u00f3n al pan se llame educaci\u00f3n. Estamos acostumbrados desde ni\u00f1os a comprarlo y consumirlo en el desayuno, la comida, la merienda y la cena. Ir a por el pan y bajar la basura han sido los primeros trabajos de los hombres y mujeres de este pa\u00eds. Hay casas con cuatro personas en las que diariamente, y desde hace a\u00f1os, se comen tres o m\u00e1s barras de las de 85 c\u00e9ntimos.<br \/>\nTenemos que alimentarnos sanamente y, en el desayuno, es recomendable una tostada con aceite de oliva virgen, tomate, queso fresco o una loncha de jam\u00f3n. As\u00ed que siempre hay que dejar del d\u00eda anterior al menos un cuarto de barra para poder afrontar la primera y principal comida del d\u00eda.<br \/>\n\u00bfSe han planteado alguna vez c\u00f3mo ser\u00eda la vida del huevo frito sin el eterno matrimonio con el pan, o la de la sopa de ajo, las migas del pastor, el salmorejo o la tortilla para llevar a la playa? No me puedo imaginar 50 gramos de salchich\u00f3n sin algo de miga.<\/p>\n<!-- AddThis Advanced Settings generic via filter on the_content --><!-- AddThis Share Buttons generic via filter on the_content -->","protected":false},"excerpt":{"rendered":"<p>Conozco a algunas personas a las que no les gusta la carne o el pescado. A otras que no prueban el alcohol, incluso a muchas a las que la palabra verduras les produce urticaria. Es m\u00e1s, varios de mis amigos no dan ni medio c\u00e9ntimo por un plato de percebes. Sin embargo, desconozco al ser [&hellip;]<!-- AddThis Advanced Settings generic via filter on get_the_excerpt --><!-- AddThis Share Buttons generic via filter on get_the_excerpt --><\/p>\n","protected":false},"author":23,"featured_media":0,"comment_status":"open","ping_status":"closed","sticky":false,"template":"","format":"standard","meta":[],"categories":[1],"tags":[],"_links":{"self":[{"href":"https:\/\/blogs.eldiariomontanes.es\/economato\/wp-json\/wp\/v2\/posts\/406"}],"collection":[{"href":"https:\/\/blogs.eldiariomontanes.es\/economato\/wp-json\/wp\/v2\/posts"}],"about":[{"href":"https:\/\/blogs.eldiariomontanes.es\/economato\/wp-json\/wp\/v2\/types\/post"}],"author":[{"embeddable":true,"href":"https:\/\/blogs.eldiariomontanes.es\/economato\/wp-json\/wp\/v2\/users\/23"}],"replies":[{"embeddable":true,"href":"https:\/\/blogs.eldiariomontanes.es\/economato\/wp-json\/wp\/v2\/comments?post=406"}],"version-history":[{"count":1,"href":"https:\/\/blogs.eldiariomontanes.es\/economato\/wp-json\/wp\/v2\/posts\/406\/revisions"}],"predecessor-version":[{"id":407,"href":"https:\/\/blogs.eldiariomontanes.es\/economato\/wp-json\/wp\/v2\/posts\/406\/revisions\/407"}],"wp:attachment":[{"href":"https:\/\/blogs.eldiariomontanes.es\/economato\/wp-json\/wp\/v2\/media?parent=406"}],"wp:term":[{"taxonomy":"category","embeddable":true,"href":"https:\/\/blogs.eldiariomontanes.es\/economato\/wp-json\/wp\/v2\/categories?post=406"},{"taxonomy":"post_tag","embeddable":true,"href":"https:\/\/blogs.eldiariomontanes.es\/economato\/wp-json\/wp\/v2\/tags?post=406"}],"curies":[{"name":"wp","href":"https:\/\/api.w.org\/{rel}","templated":true}]}}