{"id":402,"date":"2019-02-18T20:31:41","date_gmt":"2019-02-18T19:31:41","guid":{"rendered":"https:\/\/blogs.eldiariomontanes.es\/economato\/?p=402"},"modified":"2019-02-18T20:31:41","modified_gmt":"2019-02-18T19:31:41","slug":"comer-y-ver-la-tele","status":"publish","type":"post","link":"https:\/\/blogs.eldiariomontanes.es\/economato\/2019\/02\/18\/comer-y-ver-la-tele\/","title":{"rendered":"Comer y ver la tele"},"content":{"rendered":"<p>Forma ya parte de mis h\u00e1bitos. Quiz\u00e1s sea simplemente una man\u00eda. Desconozco, adem\u00e1s, si es una costumbre sana o perjudicial para el organismo. Nunca lo he consultado con el m\u00e9dico, ni con el psic\u00f3logo, pero no puedo comer o cenar sin tener frente a m\u00ed la tele y, por supuesto, encendida. Si estuviera apagada s\u00ed que hubiera ido corriendo al m\u00e9dico.<br \/>\nAl mediod\u00eda, es inevitable alternar las cucharadas de alubias con las noticias del Telediario, lo que suele llevar acarreado unas manchitas en el mantel de color rojizo producidas por ese refrito de ajo y piment\u00f3n imprescindible en cualquier guiso de legumbres. Cuando llega la secci\u00f3n de deportes y nos cuentan las \u00faltimas novedades del f\u00fatbol espa\u00f1ol, ya voy a la nevera a coger el yogur para el postre. As\u00ed que cuando Albert Barniol comienza a decirnos el tiempo que tenemos hoy \u2013nunca entend\u00ed por qu\u00e9 motivo no comienza la secci\u00f3n hablando de ma\u00f1ana o pasado, que lo del d\u00eda ya lo sabemos desde primeras horas\u2013 ya estoy rumbo al sof\u00e1 para echar una mini siesta antes de volver al trabajo. Los fines de semana me adormilo con esas pel\u00edculas alemanas en las que nunca faltan el descapotable, la bicicleta, el velero y un amor de juventud que resurge para sustituir a un novio rubio y gilipollas. Por la noche me decanto por alguno de esos estrenos que anuncian las cadenas a bombo y platillo durante toda la semana. Pel\u00edculas poco conocidas y novedosas como Pretty Woman, Notting Hill o Pearl Harbour. Amor y pasi\u00f3n entre bocados de tortilla con cebolla y tinto con Casera.<br \/>\nNo me digan que no es un planazo quedarse la tarde del fin de semana en casita con alguna peli interesante al tiempo que nos llevamos al gaznate unos huevos fritos con chorizo. Otro quiz\u00e1s prefieran bajar al bar a ver c\u00f3mo gana el Madrid al Atleti o c\u00f3mo el Bar\u00e7a empata con el Athletic de Bilbao en La Catedral. No hay color, donde est\u00e9n los ojos verdes de la protagonista de \u2018Un verano en&#8230;\u2019 que se quiten las piernas de Vinicius.<\/p>\n<!-- AddThis Advanced Settings generic via filter on the_content --><!-- AddThis Share Buttons generic via filter on the_content -->","protected":false},"excerpt":{"rendered":"<p>Forma ya parte de mis h\u00e1bitos. Quiz\u00e1s sea simplemente una man\u00eda. Desconozco, adem\u00e1s, si es una costumbre sana o perjudicial para el organismo. Nunca lo he consultado con el m\u00e9dico, ni con el psic\u00f3logo, pero no puedo comer o cenar sin tener frente a m\u00ed la tele y, por supuesto, encendida. Si estuviera apagada s\u00ed [&hellip;]<!-- AddThis Advanced Settings generic via filter on get_the_excerpt --><!-- AddThis Share Buttons generic via filter on get_the_excerpt --><\/p>\n","protected":false},"author":23,"featured_media":0,"comment_status":"open","ping_status":"closed","sticky":false,"template":"","format":"standard","meta":[],"categories":[1],"tags":[],"_links":{"self":[{"href":"https:\/\/blogs.eldiariomontanes.es\/economato\/wp-json\/wp\/v2\/posts\/402"}],"collection":[{"href":"https:\/\/blogs.eldiariomontanes.es\/economato\/wp-json\/wp\/v2\/posts"}],"about":[{"href":"https:\/\/blogs.eldiariomontanes.es\/economato\/wp-json\/wp\/v2\/types\/post"}],"author":[{"embeddable":true,"href":"https:\/\/blogs.eldiariomontanes.es\/economato\/wp-json\/wp\/v2\/users\/23"}],"replies":[{"embeddable":true,"href":"https:\/\/blogs.eldiariomontanes.es\/economato\/wp-json\/wp\/v2\/comments?post=402"}],"version-history":[{"count":1,"href":"https:\/\/blogs.eldiariomontanes.es\/economato\/wp-json\/wp\/v2\/posts\/402\/revisions"}],"predecessor-version":[{"id":403,"href":"https:\/\/blogs.eldiariomontanes.es\/economato\/wp-json\/wp\/v2\/posts\/402\/revisions\/403"}],"wp:attachment":[{"href":"https:\/\/blogs.eldiariomontanes.es\/economato\/wp-json\/wp\/v2\/media?parent=402"}],"wp:term":[{"taxonomy":"category","embeddable":true,"href":"https:\/\/blogs.eldiariomontanes.es\/economato\/wp-json\/wp\/v2\/categories?post=402"},{"taxonomy":"post_tag","embeddable":true,"href":"https:\/\/blogs.eldiariomontanes.es\/economato\/wp-json\/wp\/v2\/tags?post=402"}],"curies":[{"name":"wp","href":"https:\/\/api.w.org\/{rel}","templated":true}]}}