{"id":373,"date":"2018-10-08T18:31:41","date_gmt":"2018-10-08T16:31:41","guid":{"rendered":"https:\/\/blogs.eldiariomontanes.es\/economato\/?p=373"},"modified":"2018-10-08T18:31:41","modified_gmt":"2018-10-08T16:31:41","slug":"hola-chicos-que-tal-familia","status":"publish","type":"post","link":"https:\/\/blogs.eldiariomontanes.es\/economato\/2018\/10\/08\/hola-chicos-que-tal-familia\/","title":{"rendered":"\u00a1Hola chicos!, \u00a1Qu\u00e9 tal familia!"},"content":{"rendered":"<p>Las modas, por fortuna, no son eternas. Nacen muchas veces por generaci\u00f3n espont\u00e1nea, crecen desproporcionadamente, se desarrollan por doquier y, como a todos y todo, un d\u00eda les llega su adi\u00f3s. Esto pasa mucho en el mundo de la hosteler\u00eda. Un ejemplo: uno se sienta en una cafeter\u00eda de Santander, un chiringuito de Conil de la Frontera, un restaurante de Madrid o una cervecer\u00eda de Salamanca y el camarero te recibe con un sonoro:&#8221; \u00a1Hola\u00a0chicos, que vais a tomar!&#8221;\u00a0Rejuvenece y se agradece el saludo ya que el servicial barista\u00a0no tiene nunca en cuenta la edad del cliente. El saludo vale igual para j\u00f3venes y adultos.<br \/>\nSi en la mesa se sientan m\u00e1s de dos personas, cambia la bienvenida. Ya no se emplea el &#8220;\u00a1Hola chicos!&#8221;, que se\u00a0sustituye\u00a0por un &#8220;\u00a1Qu\u00e9 tal familia!&#8221;\u00a0Chicos, familia&#8230;, queda en el olvido aquel &#8220;\u00a1Qu\u00e9 van a tomar los se\u00f1ores!&#8221;, quiz\u00e1s demasiado \u2018rancio\u2019\u00a0en los tiempos que vivimos. La moda.<br \/>\nPero todo pasa. Hace ya\u00a0 unos a\u00f1os que se dej\u00f3 de ofrecer al comensal \u2018un riojita\u2019 o \u2018un riberita\u2019, cursis denominaciones, y no de origen, para dos vinos universales. Fue la \u00e9poca aquella de los \u2018triunfitos\u2019 y los \u2018podemitas\u2019, palabros que nacen por generaci\u00f3n espont\u00e1nea, hacen gracia al colectivo y se expanden cual mala epidemia.<br \/>\nDe un tiempo a esta parte est\u00e1 muy de moda el moscato, ese vino suavecito, de poca graduaci\u00f3n alcoh\u00f3lica, algo carb\u00f3nico y de cierto sabor dulce. Yo soy uno de los aficionados a este caldo italiano que, en nada, puede compararse con los que se hacen en nuestro pa\u00eds. La verdad es que el moscato te permite beber mucho m\u00e1s sin miedo a cogerte una buen mo\u00f1a. Una mala costumbre, que espero sea una moda pasajera, es la de pensar y llevar a la pr\u00e1ctica a la hora de servir una ronda que el citado caldo italiano es cosa de\u00a0mujeres y el blanco de solera de hombres.<\/p>\n<!-- AddThis Advanced Settings generic via filter on the_content --><!-- AddThis Share Buttons generic via filter on the_content -->","protected":false},"excerpt":{"rendered":"<p>Las modas, por fortuna, no son eternas. Nacen muchas veces por generaci\u00f3n espont\u00e1nea, crecen desproporcionadamente, se desarrollan por doquier y, como a todos y todo, un d\u00eda les llega su adi\u00f3s. Esto pasa mucho en el mundo de la hosteler\u00eda. Un ejemplo: uno se sienta en una cafeter\u00eda de Santander, un chiringuito de Conil de [&hellip;]<!-- AddThis Advanced Settings generic via filter on get_the_excerpt --><!-- AddThis Share Buttons generic via filter on get_the_excerpt --><\/p>\n","protected":false},"author":23,"featured_media":0,"comment_status":"open","ping_status":"closed","sticky":false,"template":"","format":"standard","meta":[],"categories":[1],"tags":[],"_links":{"self":[{"href":"https:\/\/blogs.eldiariomontanes.es\/economato\/wp-json\/wp\/v2\/posts\/373"}],"collection":[{"href":"https:\/\/blogs.eldiariomontanes.es\/economato\/wp-json\/wp\/v2\/posts"}],"about":[{"href":"https:\/\/blogs.eldiariomontanes.es\/economato\/wp-json\/wp\/v2\/types\/post"}],"author":[{"embeddable":true,"href":"https:\/\/blogs.eldiariomontanes.es\/economato\/wp-json\/wp\/v2\/users\/23"}],"replies":[{"embeddable":true,"href":"https:\/\/blogs.eldiariomontanes.es\/economato\/wp-json\/wp\/v2\/comments?post=373"}],"version-history":[{"count":2,"href":"https:\/\/blogs.eldiariomontanes.es\/economato\/wp-json\/wp\/v2\/posts\/373\/revisions"}],"predecessor-version":[{"id":376,"href":"https:\/\/blogs.eldiariomontanes.es\/economato\/wp-json\/wp\/v2\/posts\/373\/revisions\/376"}],"wp:attachment":[{"href":"https:\/\/blogs.eldiariomontanes.es\/economato\/wp-json\/wp\/v2\/media?parent=373"}],"wp:term":[{"taxonomy":"category","embeddable":true,"href":"https:\/\/blogs.eldiariomontanes.es\/economato\/wp-json\/wp\/v2\/categories?post=373"},{"taxonomy":"post_tag","embeddable":true,"href":"https:\/\/blogs.eldiariomontanes.es\/economato\/wp-json\/wp\/v2\/tags?post=373"}],"curies":[{"name":"wp","href":"https:\/\/api.w.org\/{rel}","templated":true}]}}