{"id":352,"date":"2018-06-18T12:47:31","date_gmt":"2018-06-18T10:47:31","guid":{"rendered":"http:\/\/blogs.eldiariomontanes.es\/economato\/?p=352"},"modified":"2018-06-18T12:47:31","modified_gmt":"2018-06-18T10:47:31","slug":"bombas-lagartos-y-cohetes-de-vallekas","status":"publish","type":"post","link":"https:\/\/blogs.eldiariomontanes.es\/economato\/2018\/06\/18\/bombas-lagartos-y-cohetes-de-vallekas\/","title":{"rendered":"Bombas, lagartos y cohetes de Vallekas"},"content":{"rendered":"<p>En la madrile\u00f1a calle de Bret\u00f3n de los Herreros, junto a la popular cervecer\u00eda Fide, esquina con Ponzano, abri\u00f3 sus puertas hace menos de un a\u00f1o La Sastrer\u00eda, un peque\u00f1o local convertido en vermuter\u00eda y santuario de la \u2018banderilla\u2019. En este coqueto espacio (un expositor que da al exterior, una barra\u00a0y una mesa corrida al fondo) encontramos vermuts espa\u00f1oles, junto a italianos principalmente, adem\u00e1s del de \u2018grifo\u2019 de la casa. Sirve tambi\u00e9n cervezas artesanas y vinos, estos \u00faltimos con un papel secundario. La idea es bien sencilla: ofrecer el t\u00edpico aperitivo compuesto por un vermut rojo o blanco, junto a una \u2018banderilla\u2019 casera, hecha por la ma\u00f1ana, y con distintas composiciones. No faltan tampoco esas latas de conserva que tanto gustan en Madrid, y que han hecho famosos a locales de la zona como El Doble: mejillones, at\u00fan, berberechos, almejas, navajas, sardinillas&#8230;<br \/>\nEn la puerta de La Sastrer\u00eda, que no es una tienda de pirotecnia, puede leerse: Bombas, lagartos y cohetes de Vallekas. Las bombas son esas aceitunas Gordal que se suelen rellenar con jam\u00f3n serrano y admite tambi\u00e9n en su interior conservas y salazones, como el at\u00fan en aceite, anchoas o mejillones en escabeche.<br \/>\nLos lagartos son pepinillos en vinagre, un poco grandes, que se rellenan de bonito o at\u00fan y pimiento rojo, y cuyas \u2018patas\u2019 se forman con dos aceitunas negras y dos cebolletas. Esta es una \u2018gilda\u2019 para comer con cuchillo y tenedor. Finalmente est\u00e1n los cohetes de Vallekas, unas banderillas en las que el huevo de codorniz es ingrediente fundamental, junto a un boquer\u00f3n el vinagre, aceituna, pimiento rojo y piparra. Cualquiera de estos tres aperitivos en ideal para compartir con el vermut rojo o blanco que m\u00e1s nos guste. Por cierto, en La Sastrer\u00eda tienen el Siderit como uno de los recomendados. Yo, y a petici\u00f3n suya, les recomend\u00e9 los otros que se fabrican en Cantabria y que seguramente incluir\u00e1n en breve en su ya amplia oferta.<br \/>\nYa saben, en Madrid, calle Bret\u00f3n de los Herreros.<\/p>\n<!-- AddThis Advanced Settings generic via filter on the_content --><!-- AddThis Share Buttons generic via filter on the_content -->","protected":false},"excerpt":{"rendered":"<p>En la madrile\u00f1a calle de Bret\u00f3n de los Herreros, junto a la popular cervecer\u00eda Fide, esquina con Ponzano, abri\u00f3 sus puertas hace menos de un a\u00f1o La Sastrer\u00eda, un peque\u00f1o local convertido en vermuter\u00eda y santuario de la \u2018banderilla\u2019. En este coqueto espacio (un expositor que da al exterior, una barra\u00a0y una mesa corrida al [&hellip;]<!-- AddThis Advanced Settings generic via filter on get_the_excerpt --><!-- AddThis Share Buttons generic via filter on get_the_excerpt --><\/p>\n","protected":false},"author":23,"featured_media":0,"comment_status":"open","ping_status":"closed","sticky":false,"template":"","format":"standard","meta":[],"categories":[1],"tags":[],"_links":{"self":[{"href":"https:\/\/blogs.eldiariomontanes.es\/economato\/wp-json\/wp\/v2\/posts\/352"}],"collection":[{"href":"https:\/\/blogs.eldiariomontanes.es\/economato\/wp-json\/wp\/v2\/posts"}],"about":[{"href":"https:\/\/blogs.eldiariomontanes.es\/economato\/wp-json\/wp\/v2\/types\/post"}],"author":[{"embeddable":true,"href":"https:\/\/blogs.eldiariomontanes.es\/economato\/wp-json\/wp\/v2\/users\/23"}],"replies":[{"embeddable":true,"href":"https:\/\/blogs.eldiariomontanes.es\/economato\/wp-json\/wp\/v2\/comments?post=352"}],"version-history":[{"count":1,"href":"https:\/\/blogs.eldiariomontanes.es\/economato\/wp-json\/wp\/v2\/posts\/352\/revisions"}],"predecessor-version":[{"id":353,"href":"https:\/\/blogs.eldiariomontanes.es\/economato\/wp-json\/wp\/v2\/posts\/352\/revisions\/353"}],"wp:attachment":[{"href":"https:\/\/blogs.eldiariomontanes.es\/economato\/wp-json\/wp\/v2\/media?parent=352"}],"wp:term":[{"taxonomy":"category","embeddable":true,"href":"https:\/\/blogs.eldiariomontanes.es\/economato\/wp-json\/wp\/v2\/categories?post=352"},{"taxonomy":"post_tag","embeddable":true,"href":"https:\/\/blogs.eldiariomontanes.es\/economato\/wp-json\/wp\/v2\/tags?post=352"}],"curies":[{"name":"wp","href":"https:\/\/api.w.org\/{rel}","templated":true}]}}