{"id":272,"date":"2018-02-20T12:12:36","date_gmt":"2018-02-20T11:12:36","guid":{"rendered":"http:\/\/blogs.eldiariomontanes.es\/economato\/?p=272"},"modified":"2018-02-20T12:12:36","modified_gmt":"2018-02-20T11:12:36","slug":"la-sana-costumbre-del-aperitivo","status":"publish","type":"post","link":"https:\/\/blogs.eldiariomontanes.es\/economato\/2018\/02\/20\/la-sana-costumbre-del-aperitivo\/","title":{"rendered":"La sana costumbre del aperitivo"},"content":{"rendered":"<p>El aperitivo es uno de esos placeres que da la vida y que no debe perderse nunca. Salir del trabajo y antes de ir a comer disfrutar de un vermut, una ca\u00f1ita o un vino blanco con algunas de las buenas raciones o tapas que hay en este pa\u00eds, no tiene precio. Y no digamos ya en verano, de vacaciones, en un d\u00eda de sol y en una terracita, no importa d\u00f3nde. Qu\u00e9 m\u00e1s da si es junto a una playa o en una calle cualquiera de nuestra Espa\u00f1a interior.<br \/>\nEl aperitivo sirve, adem\u00e1s de para abrir boca y llegar a casa o al restaurante donde se har\u00e1 la comida con apetito extra, para alegrar la vida. Es el momento en el que se disfruta de muchas cosas. Primero, de la hora esa en la que apetece hacer un alto en el trayecto entre el trabajo y la cocina del hogar. Ese ratito para comprobar c\u00f3mo est\u00e1 la ciudad antes del almuerzo, para hablar con los amigos o con tu pareja de lo acontecido a lo largo de la ma\u00f1ana. El momento de desengrasar el cuerpo que, desde bien pronto por la ma\u00f1ana, est\u00e1 en funcionamiento.<br \/>\nEl aperitivo, adem\u00e1s, deja un importante paso abierto a la imaginaci\u00f3n. Nada m\u00e1s apetecible que apalancarse en el mostrador de tu bar favorito y elegir una de las raciones que se muestran en el expositor o en la carta que cuelga de la pared en negra pizarra.<br \/>\nSantander mantiene viva la costumbre del aperitivo y eso que algunas zonas de bares han ido perdiendo el ambiente de a\u00f1os atr\u00e1s, cuando no exist\u00eda tanto paro y tanto reci\u00e9n licenciado en busca de su primer empleo. Las calles Vargas y San Luis o El Grupo Amaro, han perdido fuerza en favor de otras zonas que han sabido mantener viva la tradici\u00f3n del tapeo. El R\u00edo de la Pila, Pe\u00f1a Herbosa o la calle Rubio siguen teniendo a la hora del vermut la clientela asegurada. Puertochico, Arrabal y Medio siguen ganando enteros con el paso de los a\u00f1os, al igual que El Sardinero que, en la calle Joaqu\u00edn Costa (La Ca\u00f1\u00eda), ha sabido renovarse para crecer.<\/p>\n<!-- AddThis Advanced Settings generic via filter on the_content --><!-- AddThis Share Buttons generic via filter on the_content -->","protected":false},"excerpt":{"rendered":"<p>El aperitivo es uno de esos placeres que da la vida y que no debe perderse nunca. Salir del trabajo y antes de ir a comer disfrutar de un vermut, una ca\u00f1ita o un vino blanco con algunas de las buenas raciones o tapas que hay en este pa\u00eds, no tiene precio. Y no digamos [&hellip;]<!-- AddThis Advanced Settings generic via filter on get_the_excerpt --><!-- AddThis Share Buttons generic via filter on get_the_excerpt --><\/p>\n","protected":false},"author":23,"featured_media":0,"comment_status":"open","ping_status":"closed","sticky":false,"template":"","format":"standard","meta":[],"categories":[1],"tags":[],"_links":{"self":[{"href":"https:\/\/blogs.eldiariomontanes.es\/economato\/wp-json\/wp\/v2\/posts\/272"}],"collection":[{"href":"https:\/\/blogs.eldiariomontanes.es\/economato\/wp-json\/wp\/v2\/posts"}],"about":[{"href":"https:\/\/blogs.eldiariomontanes.es\/economato\/wp-json\/wp\/v2\/types\/post"}],"author":[{"embeddable":true,"href":"https:\/\/blogs.eldiariomontanes.es\/economato\/wp-json\/wp\/v2\/users\/23"}],"replies":[{"embeddable":true,"href":"https:\/\/blogs.eldiariomontanes.es\/economato\/wp-json\/wp\/v2\/comments?post=272"}],"version-history":[{"count":2,"href":"https:\/\/blogs.eldiariomontanes.es\/economato\/wp-json\/wp\/v2\/posts\/272\/revisions"}],"predecessor-version":[{"id":330,"href":"https:\/\/blogs.eldiariomontanes.es\/economato\/wp-json\/wp\/v2\/posts\/272\/revisions\/330"}],"wp:attachment":[{"href":"https:\/\/blogs.eldiariomontanes.es\/economato\/wp-json\/wp\/v2\/media?parent=272"}],"wp:term":[{"taxonomy":"category","embeddable":true,"href":"https:\/\/blogs.eldiariomontanes.es\/economato\/wp-json\/wp\/v2\/categories?post=272"},{"taxonomy":"post_tag","embeddable":true,"href":"https:\/\/blogs.eldiariomontanes.es\/economato\/wp-json\/wp\/v2\/tags?post=272"}],"curies":[{"name":"wp","href":"https:\/\/api.w.org\/{rel}","templated":true}]}}