{"id":344,"date":"2016-06-02T10:53:36","date_gmt":"2016-06-02T08:53:36","guid":{"rendered":"http:\/\/blogs.eldiariomontanes.es\/cartasdesdegrecia\/?p=344"},"modified":"2016-06-02T10:53:36","modified_gmt":"2016-06-02T08:53:36","slug":"ultima-llamada-a-los-solidarios","status":"publish","type":"post","link":"https:\/\/blogs.eldiariomontanes.es\/cartasdesdegrecia\/2016\/06\/02\/ultima-llamada-a-los-solidarios\/","title":{"rendered":"\u00daltima llamada a los solidarios"},"content":{"rendered":"<h4 style=\"text-align: center;\"><strong><span style=\"font-family: arial, helvetica, sans-serif; font-size: medium;\"><span style=\"text-decoration: underline;\">El Casino acoge esta tarde la gala ben\u00e9fica de Cantabria DModa a favor de Cruz Roja y los refugiados<br \/>\n<\/span>&#8230;&#8230;.<\/span><\/strong><br \/>\n<strong><span style=\"text-decoration: underline; font-family: arial, helvetica, sans-serif; font-size: medium;\"> Solo Saxo, David Argos,  Nando Ag\u00fceros, los hermanos Fratelli del Circo Italiano, el dj David Alonso y Swing Boppers animar\u00e1n la fiesta<\/span><\/strong><\/h4>\n<p><iframe loading=\"lazy\" src=\"\/\/players.brightcove.net\/85707285001\/default_default\/index.html?videoId=4910788941001\" width=\"550\" height=\"400\"><\/iframe><\/p>\n<p><span style=\"font-size: medium; font-family: arial, helvetica, sans-serif;\"><strong>Atenci\u00f3n. \u00daltima llamada a los solidarios con destino a la gala que se celebrar\u00e1 esta tarde en el Casino de El Sardinero.<\/strong> Hoy es el d\u00eda \u2018S\u2019. \u2018Ese\u2019 de <strong>solidaridad<\/strong>. Hoy es el d\u00eda en el que muchos c\u00e1ntabros demostrar\u00e1n a los refugiados que no est\u00e1n solos en la angustiosa situaci\u00f3n que est\u00e1n viviendo. Hoy es el d\u00eda en el que cientos de personas alabar\u00e1n al un\u00edsono<strong> la labor que Cruz Roja est\u00e1 haciendo en Grecia<\/strong>. Y hoy es el d\u00eda en el que, una vez m\u00e1s, se har\u00e1 realidad la conocida frase del escritor uruguayo Eduardo Galeano<strong>: \u00abMucha gente peque\u00f1a, en lugares peque\u00f1os, har\u00e1n cosas peque\u00f1as que pueden cambiar el mundo\u00bb<\/strong>. Esa es la intenci\u00f3n de esta fiesta de Cantabria DModa en la que la recaudaci\u00f3n se donar\u00e1 a Cruz Roja para que siga trabajando como lo est\u00e1 haciendo en los campamentos que han ido surgiendo en Grecia.<br \/>\n<\/span><br \/>\n<span style=\"font-size: medium; font-family: arial, helvetica, sans-serif;\"> La situaci\u00f3n se ha vuelto dram\u00e1tica para miles de personas que, lejos de haber llegado al destino en el que quer\u00edan empezar una nueva vida, se encuentran atrapadas en un limbo burocr\u00e1tico que les ofrece tiendas para dormir sobre el suelo y repetitivos t\u00e1pers de comida. Ante esta situaci\u00f3n cada vez son m\u00e1s los ciudadanos europeos que sienten que no se est\u00e1n haciendo bien las cosas, y <strong>la gala de esta tarde en el Casino servir\u00e1 para hacerles sentir a los refugiados que no est\u00e1n solos y apoyar la inmensa labor humanitaria que, instituciones como Cruz Roja, desarrollan en el terreno para ofrecerles, como m\u00ednimo, salud<\/strong>. A la fiesta y junto al <a href=\"https:\/\/blogs.eldiariomontanes.es\/cartasdesdegrecia\/2016\/05\/31\/presidente-cruz-roja-cantabria-solidaridad\/\">presidente de la instituci\u00f3n en Cantabria, Javier Fern\u00e1ndez Dosantos<\/a>, asistir\u00e1n <a href=\"https:\/\/blogs.eldiariomontanes.es\/cartasdesdegrecia\/2016\/05\/30\/la-maravillosa-experiencia-de-tres-voluntarias-cantabras-en-grecia\/\">Pilar Mach\u00edn, Carmen Rodr\u00edguez y Mercedes Hernando<\/a>, las tres sanitarias c\u00e1ntabras que han trabajado en los campamentos de Ritsona y Skaramagas y que narrar\u00e1n sus experiencias en el terreno.<br \/>\n<\/span><br \/>\n<span style=\"font-size: medium; font-family: arial, helvetica, sans-serif;\"> Quedan pocas <a href=\"http:\/\/entradas.eldiariomontanes.es\/cantabria\/otros-eventos\/noche-sin-fronteras_evento-00-00085Ee-39.html\" rel=\"external nofollow\">entradas <\/a>para la fiesta porque el aforo es de 500 personas, pero todav\u00eda hoy por la ma\u00f1ana, <strong>hasta las 13.30 horas<\/strong>, pueden retirarse en el Casino, en el Centro Comercial Pe\u00f1acastillo, en la propia web de El Diario Monta\u00f1\u00e9s y en la c\u00e9ntrica oficina del peri\u00f3dico en la calle Calvo Sotelo (frente al Ayuntamiento de Santander). El precio es de 32 euros e incluye una cena c\u00f3ctel y varias actuaciones en vivo durante la noche.<\/span><\/p>\n<p>&nbsp;<\/p>\n<p><span style=\"font-size: medium; font-family: arial, helvetica, sans-serif;\"><strong><a href=\"https:\/\/blogs.eldiariomontanes.es\/cartasdesdegrecia\/2016\/05\/28\/refugiados-en-la-musica\/\">M\u00fasica en directo<\/a><\/strong><\/span><br \/>\n<span style=\"font-size: medium; font-family: arial, helvetica, sans-serif;\"><br \/>\nLa fiesta comenzar\u00e1 a las 20.30 horas y contar\u00e1 con la actuaci\u00f3n del d\u00fao <strong>Solo Saxo y David Argos<\/strong>, populares por su \u2018La gozadera c\u00e1ntabra\u2019, tema que ya tiene m\u00e1s de 100.000 reproducciones en Youtube. Este grupo c\u00e1ntabro no ha dudado en sumarse a esta gala solidaria en pleno lanzamiento de \u2018Tu estela\u2019, el disco que presentar\u00e1 el pr\u00f3ximo domingo en el Centro Cultural Ram\u00f3n Pelayo de Solares. A lo largo de la velada tambi\u00e9n se subir\u00e1n al escenario cuatro \u2018personajes\u2019 de <strong>Swing Boppers<\/strong> que prometen activar los sentidos del p\u00fablico para viajar sin moverse del Casino. <strong>Los hermanos Fratelli Marton, del Circo Italiano<\/strong>, tampoco faltar\u00e1n a esta cita para realizar un arriesgado n\u00famero de contorsionismo, equilibrio, fuerza y t\u00e9cnica que, aseguran, \u00abgenerar\u00e1 una explosi\u00f3n de emociones entre el p\u00fablico\u00bb.<\/span><\/p>\n<p><span style=\"font-size: medium; font-family: arial, helvetica, sans-serif;\"><strong>El dj santanderino David Alonso de Amazing Deejais<\/strong> promete que pondr\u00e1 la m\u00fasica que sienta que quieren escuchar los asistentes y advierte de que el momento \u00abm\u00e1s espectacular de la noche ser\u00e1 cuando pinche junto a Diego Solo Saxo\u00bb. El broche de la noche lo pondr\u00e1 <strong>Nando Ag\u00fceros<\/strong> con su \u2018Viento del Norte\u2019, la canci\u00f3n que ha convertido en el himno \u2018oficioso\u2019 de Cantabria. Quienes no puedan ir, pero quieran ayudar a Cruz Roja en esta causa, pueden realizar donativos a trav\u00e9s de la Fila 0, a la que se puede acceder a trav\u00e9s de <a href=\"http:\/\/entradas.eldiariomontanes.es\/cantabria\/otros-eventos\/noche-sin-fronteras_evento-00-00085Ee-39.html\" rel=\"external nofollow\">entradas.eldiariomontanes.es<\/a>.<\/span><\/p>\n<p><span style=\"font-size: medium; font-family: arial, helvetica, sans-serif;\"><strong>Con la recaudaci\u00f3n de esta fiesta, Cruz Roja seguir\u00e1 ofreciendo a los refugiados cuidados de atenci\u00f3n primaria<\/strong> que incluyen la gesti\u00f3n de enfermedades no transmisibles, cuidados prenatales, la provisi\u00f3n de kits de profilaxis post-exposici\u00f3n para mujeres y la gesti\u00f3n cl\u00ednica si se producen abusos sexuales. Adem\u00e1s, los servicios sanitarios tambi\u00e9n disponen de cl\u00ednicas m\u00f3viles y espacios amigables para los m\u00e1s peque\u00f1os de los campamentos.<\/span><\/p>\n<p><span style=\"font-size: medium; font-family: arial, helvetica, sans-serif;\">Los <a href=\"https:\/\/blogs.eldiariomontanes.es\/cartasdesdegrecia\/2016\/05\/08\/los-voluntarios-la-luz-de-europa\/\">voluntarios <\/a>se han convertido en la \u00fanica esperanza de miles de refugiados que ya est\u00e1n en Europa pero que no pueden avanzar mientras no abran las fronteras. Y mientras esto ocurre, muchos m\u00e1s siguen intentando alcanzar al costa. Este mismo martes, Acnur ha anunciado que, s\u00f3lo la semana pasada, 880 personas han muerto en el Mediterr\u00e1neo cerca de Libia.<\/span><\/p>\n<p>&nbsp;<\/p>\n<p><a href=\"http:\/\/www.cantabriadmoda.com\/wp-content\/uploads\/2016\/06\/gala.jpg\" rel=\"external nofollow\"><img loading=\"lazy\" class=\"aligncenter size-large wp-image-5059\" src=\"\/\/www.cantabriadmoda.com\/wp-content\/uploads\/2016\/06\/gala-1024x979.jpg\" alt=\"gala\" width=\"620\" height=\"593\" \/><\/a><\/p>\n<p>&nbsp;<\/p>\n<p><strong><span style=\"font-size: medium; font-family: arial, helvetica, sans-serif;\">I GALA BEN\u00c9FICA CANTABRIA DMODA<\/span><\/strong><\/p>\n<ul>\n<li><span style=\"font-size: medium; font-family: arial, helvetica, sans-serif;\"><strong>Cu\u00e1ndo.<\/strong>  El jueves 2 de junio, a partir de las 20.30 horas, en el Gran Casino de El Sardinero.<br \/>\n<\/span><\/li>\n<li><span style=\"font-size: medium; font-family: arial, helvetica, sans-serif;\"><strong>Entradas.  <\/strong> El precio es de 32 euros e incluye la cena durante la que se celebrar\u00e1n las actuaciones del d\u00fao Solo Saxo y David Argos; Swing Boppers; artistas de El Circo Italiano, Amazing Deejais y Nando Ag\u00fceros. El aforo est\u00e1 limitado a 500 personas.<br \/>\n<\/span><\/li>\n<li><span style=\"font-size: medium; font-family: arial, helvetica, sans-serif;\"><strong> D\u00f3nde comprarlas.<\/strong>   Pueden adquirirse hasta las 13.30 horas en<a href=\"http:\/\/entradas.eldiariomontanes.es\/cantabria\/otros-eventos\/noche-sin-fronteras_evento-00-00085Ee-39.html\" rel=\"external nofollow\"> entradas.eldiariomontanes.es<\/a>; en las oficinas de El Diario Monta\u00f1\u00e9s de la calle Calvo Sotelo n\u00ba6 ; en las oficinas del centro comercial Pe\u00f1acastillo o en el Gran Casino de El Sardinero hasta las 19.00 horas.<\/span><\/li>\n<\/ul>\n<!-- AddThis Advanced Settings generic via filter on the_content --><!-- AddThis Share Buttons generic via filter on the_content -->","protected":false},"excerpt":{"rendered":"<p>El Casino acoge esta tarde la gala ben\u00e9fica de Cantabria DModa a favor de Cruz Roja y los refugiados &#8230;&#8230;. Solo Saxo, David Argos, Nando Ag\u00fceros, los hermanos Fratelli del Circo Italiano, el dj David Alonso y Swing Boppers animar\u00e1n la fiesta Atenci\u00f3n. \u00daltima llamada a los solidarios con destino a la gala que se [&hellip;]<!-- AddThis Advanced Settings generic via filter on get_the_excerpt --><!-- AddThis Share Buttons generic via filter on get_the_excerpt --><\/p>\n","protected":false},"author":11,"featured_media":0,"comment_status":"open","ping_status":"closed","sticky":false,"template":"","format":"standard","meta":[],"categories":[2],"tags":[],"_links":{"self":[{"href":"https:\/\/blogs.eldiariomontanes.es\/cartasdesdegrecia\/wp-json\/wp\/v2\/posts\/344"}],"collection":[{"href":"https:\/\/blogs.eldiariomontanes.es\/cartasdesdegrecia\/wp-json\/wp\/v2\/posts"}],"about":[{"href":"https:\/\/blogs.eldiariomontanes.es\/cartasdesdegrecia\/wp-json\/wp\/v2\/types\/post"}],"author":[{"embeddable":true,"href":"https:\/\/blogs.eldiariomontanes.es\/cartasdesdegrecia\/wp-json\/wp\/v2\/users\/11"}],"replies":[{"embeddable":true,"href":"https:\/\/blogs.eldiariomontanes.es\/cartasdesdegrecia\/wp-json\/wp\/v2\/comments?post=344"}],"version-history":[{"count":0,"href":"https:\/\/blogs.eldiariomontanes.es\/cartasdesdegrecia\/wp-json\/wp\/v2\/posts\/344\/revisions"}],"wp:attachment":[{"href":"https:\/\/blogs.eldiariomontanes.es\/cartasdesdegrecia\/wp-json\/wp\/v2\/media?parent=344"}],"wp:term":[{"taxonomy":"category","embeddable":true,"href":"https:\/\/blogs.eldiariomontanes.es\/cartasdesdegrecia\/wp-json\/wp\/v2\/categories?post=344"},{"taxonomy":"post_tag","embeddable":true,"href":"https:\/\/blogs.eldiariomontanes.es\/cartasdesdegrecia\/wp-json\/wp\/v2\/tags?post=344"}],"curies":[{"name":"wp","href":"https:\/\/api.w.org\/{rel}","templated":true}]}}