{"id":230,"date":"2016-05-24T12:38:53","date_gmt":"2016-05-24T10:38:53","guid":{"rendered":"http:\/\/blogs.eldiariomontanes.es\/cartasdesdegrecia\/?p=230"},"modified":"2016-05-24T12:38:53","modified_gmt":"2016-05-24T10:38:53","slug":"salen-de-grecia-los-primeros-refugiados-que-acoge-espana","status":"publish","type":"post","link":"https:\/\/blogs.eldiariomontanes.es\/cartasdesdegrecia\/2016\/05\/24\/salen-de-grecia-los-primeros-refugiados-que-acoge-espana\/","title":{"rendered":"Estos son los primeros 20 refugiados que acoge Espa\u00f1a desde Grecia"},"content":{"rendered":"<p style=\"text-align: center;\"><span style=\"font-family: arial, helvetica, sans-serif;\"><strong><span style=\"text-decoration: underline;\"><span style=\"font-size: large;\">Siete hombres, cinco mujeres y ocho ni\u00f1os han aterrizado ya en Madrid y, en un principio, vivir\u00e1n en Arag\u00f3n, Catalu\u00f1a y Andaluc\u00eda<\/span><\/span><\/strong><\/span><\/p>\n<p style=\"text-align: center;\">&#8230;&#8230;&#8230;&#8230;&#8230;&#8230;&#8230;&#8230;&#8230;..<\/p>\n<p style=\"text-align: center;\"><span style=\"font-family: arial, helvetica, sans-serif;\"><strong><span style=\"text-decoration: underline;\"><span style=\"font-size: large;\">Uno de ellos es Ghaith Niazi, un peluquero sirio de 22 a\u00f1os, que nos cont\u00f3 su historia en Cartas desde Grecia<\/span><\/span><\/strong><\/span><\/p>\n<p style=\"text-align: center;\">&#8230;&#8230;&#8230;&#8230;&#8230;&#8230;&#8230;&#8230;&#8230;&#8230;&#8230;&#8230;&#8230;.<\/p>\n<p><iframe loading=\"lazy\" src=\"\/\/players.brightcove.net\/85707285001\/default_default\/index.html?videoId=4909382072001\" width=\"550\" height=\"400\"><\/iframe><\/p>\n<p>&nbsp;<\/p>\n<p><span style=\"font-family: arial, helvetica, sans-serif; font-size: medium;\"><strong>Ya est\u00e1n en Espa\u00f1a los primeros 20 refugiados que acoger\u00e1 nuestro pa\u00eds de los miles que hay en Grecia<\/strong>,\u00a0dentro del programa de reubicaci\u00f3n europeo. El grupo, formado por siete hombres, cinco mujeres y ochos ni\u00f1os s<\/span><span style=\"font-family: arial, helvetica, sans-serif; font-size: medium;\">er\u00e1n llevados, en un principio, a Catalu\u00f1a, Arag\u00f3n y Andaluc\u00eda, aunque ellos han sido informados de su destino ya en Madrid.\u00a0<\/span><span style=\"font-family: arial, helvetica, sans-serif; font-size: medium;\">Entre ellos est\u00e1 <strong>Ghaith Niazi<\/strong>, un joven sirio de 22 a\u00f1os que desde hace semanas esperaba primero en el campamento de Pireos y despu\u00e9s en un hotel a que alguien fuera a buscarle porque, igual que otros dos compatriotas, ten\u00edan los papeles que acreditaban que Espa\u00f1a les dar\u00eda refugio. <a href=\"https:\/\/blogs.eldiariomontanes.es\/cartasdesdegrecia\/2016\/05\/20\/espanoles-abandonados-en-atenas\/\">De \u00e9l os hablamos en Cartas desde Grecia<\/a>.<\/span><\/p>\n<p>&nbsp;<\/p>\n<div id=\"attachment_307\" style=\"width: 727px\" class=\"wp-caption aligncenter\"><a href=\"\/cartasdesdegrecia\/wp-content\/uploads\/sites\/30\/2016\/05\/Ghaith-.jpg\"><img aria-describedby=\"caption-attachment-307\" loading=\"lazy\" class=\" wp-image-307 \" title=\"Ghaith Niazi, en Cartas desde Grecia\" src=\"\/cartasdesdegrecia\/wp-content\/uploads\/sites\/30\/2016\/05\/Ghaith-.jpg\" alt=\"\" width=\"717\" height=\"403\" srcset=\"https:\/\/static-blogs.eldiariomontanes.es\/wp-content\/uploads\/sites\/30\/2016\/05\/Ghaith-.jpg 1366w, https:\/\/static-blogs.eldiariomontanes.es\/wp-content\/uploads\/sites\/30\/2016\/05\/Ghaith--300x169.jpg 300w, https:\/\/static-blogs.eldiariomontanes.es\/wp-content\/uploads\/sites\/30\/2016\/05\/Ghaith--768x432.jpg 768w, https:\/\/static-blogs.eldiariomontanes.es\/wp-content\/uploads\/sites\/30\/2016\/05\/Ghaith--1024x576.jpg 1024w\" sizes=\"(max-width: 717px) 100vw, 717px\" \/><\/a><p id=\"caption-attachment-307\" class=\"wp-caption-text\">Ghaith Niazi es uno de los j\u00f3venes sirios con el que charlamos en el campamento de Pireos en Cartas desde Grecia.<\/p><\/div>\n<p><span style=\"font-size: medium; font-family: arial, helvetica, sans-serif;\">Tras el aterrizaje del avi\u00f3n procedente de Atenas al mediod\u00eda han sido recibidos por el secretario de Estado de Seguridad, Francisco Mart\u00ednez, y por representantes de las tres ONG, y han recibido su documento de autorizaci\u00f3n de entrada en territorio espa\u00f1ol, antes de ser desplazadas a las localidades mencionadas.\u00a0<\/span><span style=\"font-family: arial, helvetica, sans-serif; font-size: medium;\">Varios pasajeros que han venido en el mismo vuelo han explicado que los refugiados viajaban en peque\u00f1os grupos y <strong>se les ve\u00eda cansados, pero contentos<\/strong>.<\/span><\/p>\n<p><span style=\"font-size: medium; font-family: arial, helvetica, sans-serif;\">Seg\u00fan han detallado las ONG,<strong> los diez refugiados que viajan a Barcelona ser\u00e1n acogidos por CEAR (Comisi\u00f3n de Ayuda al Refugiado) y son seis adultos -tres hombres y tres mujeres- y cuatro ni\u00f1os, todos ellos de nacionalidad siria, que vivir\u00e1n en pisos supervisados por t\u00e9cnicos de la organizaci\u00f3n<\/strong>.<\/span><\/p>\n<p><span style=\"font-size: medium; font-family: arial, helvetica, sans-serif;\"><strong>Otros nueve refugiados vivir\u00e1n en Zaragoza<\/strong> mientras se tramita su expediente de protecci\u00f3n internacional, seis de ellos -una familia con cuatro hijos de origen kurdo-iraqu\u00ed- en un centro de acogida de Cruz Roja y otros tres sirios en uno de Accem.\u00a0<\/span><span style=\"font-family: arial, helvetica, sans-serif; font-size: medium;\">A otro centro de Accem, ubicado en <strong>Sevilla, ir\u00e1 una mujer que est\u00e1 embarazada<\/strong>.<\/span><\/p>\n<p style=\"text-align: center;\"><a href=\"\/cartasdesdegrecia\/wp-content\/uploads\/sites\/30\/2016\/05\/A1-52452486.jpg\"><img loading=\"lazy\" class=\"aligncenter  wp-image-303\" style=\"border: 5px solid black;\" title=\"SALIDA REFUGIADOS A ESPA\u00d1A\" src=\"\/cartasdesdegrecia\/wp-content\/uploads\/sites\/30\/2016\/05\/A1-52452486.jpg\" alt=\"\" width=\"717\" height=\"595\" srcset=\"https:\/\/static-blogs.eldiariomontanes.es\/wp-content\/uploads\/sites\/30\/2016\/05\/A1-52452486.jpg 1084w, https:\/\/static-blogs.eldiariomontanes.es\/wp-content\/uploads\/sites\/30\/2016\/05\/A1-52452486-300x249.jpg 300w, https:\/\/static-blogs.eldiariomontanes.es\/wp-content\/uploads\/sites\/30\/2016\/05\/A1-52452486-768x638.jpg 768w, https:\/\/static-blogs.eldiariomontanes.es\/wp-content\/uploads\/sites\/30\/2016\/05\/A1-52452486-1024x850.jpg 1024w\" sizes=\"(max-width: 717px) 100vw, 717px\" \/><\/a><\/p>\n<p>&nbsp;<\/p>\n<p><span style=\"font-family: arial, helvetica, sans-serif;\"><strong><span style=\"font-size: large;\">Llegaron a Grecia antes del 20 de marzo<\/span><\/strong><\/span><\/p>\n<p><span style=\"font-family: arial, helvetica, sans-serif; font-size: medium;\"><strong>Todos ellos llegaron al pa\u00eds heleno antes del 20 de marzo<\/strong>, que fue cuando la Uni\u00f3n Europea y Turqu\u00eda firmaron el pacto que, entre otras cosas, dejaba a los refugiados en un limbo burocr\u00e1tico. Sobre todo a los que llegaron a partir de esa fecha, que solo pueden registrarse haciendo una llamada por Skype a un n\u00famero que s\u00f3lo atiende una hora al d\u00eda y no siempre a la misma, lo que est\u00e1 generando una gran impotencia a los refugiados. La misma que sienten cuando la polic\u00eda griega les obliga a desmantelar sus campamentos y les dirigen a los militarizados. De all\u00ed y sin ning\u00fan tipo de informaci\u00f3n, empiezan a devolverles a Turqu\u00eda, tal y como se acord\u00f3 aquel 20 de marzo en el llamado por muchos<strong> &#8216;pacto de la verg\u00fcenza&#8217;<\/strong>.<\/span><\/p>\n<p><strong><span style=\"font-family: arial, helvetica, sans-serif; font-size: medium;\"> Pero lo que llegaron antes del citado 20 de marzo y se registraron pidiendo asilo tuvieron la fortuna de entrar dentro de unos cauces que, aunque lentos, puede tener un final feliz. Es el caso del grupo de 20\u00a0<\/span><span style=\"font-family: arial, helvetica, sans-serif; font-size: medium;\">sirios e iraqu\u00edes que llega hoy a Espa\u00f1a desde Grecia, acompa\u00f1ados por otro grupo que ser\u00e1 acogido en Portugal.\u00a0<\/span><\/strong><\/p>\n<p style=\"text-align: center;\"><a href=\"\/cartasdesdegrecia\/wp-content\/uploads\/sites\/30\/2016\/05\/A1-52452439.jpg\"><img loading=\"lazy\" class=\"aligncenter  wp-image-301\" style=\"border: 5px solid black;\" title=\"SALIDA REFUGIADOS A ESPA\u00d1A\" src=\"\/cartasdesdegrecia\/wp-content\/uploads\/sites\/30\/2016\/05\/A1-52452439.jpg\" alt=\"\" width=\"717\" height=\"581\" srcset=\"https:\/\/static-blogs.eldiariomontanes.es\/wp-content\/uploads\/sites\/30\/2016\/05\/A1-52452439.jpg 1110w, https:\/\/static-blogs.eldiariomontanes.es\/wp-content\/uploads\/sites\/30\/2016\/05\/A1-52452439-300x243.jpg 300w, https:\/\/static-blogs.eldiariomontanes.es\/wp-content\/uploads\/sites\/30\/2016\/05\/A1-52452439-768x623.jpg 768w, https:\/\/static-blogs.eldiariomontanes.es\/wp-content\/uploads\/sites\/30\/2016\/05\/A1-52452439-1024x830.jpg 1024w\" sizes=\"(max-width: 717px) 100vw, 717px\" \/><\/a><\/p>\n<p><strong><span style=\"font-size: large; font-family: arial, helvetica, sans-serif;\">Muy madrugadores<\/span><\/strong><\/p>\n<p><span style=\"font-family: arial, helvetica, sans-serif; font-size: medium;\">Esta ma\u00f1ana llegaron al aeropuerto de Atenas cuando a\u00fan no hab\u00eda amanecido, acompa\u00f1ados por personal de la embajada espa\u00f1ola y funcionarios de la Organizaci\u00f3n Internacional para las Migraciones (OIM), encargados de llevarlos hasta el aeropuerto de Barajas, donde ser\u00e1n recogidos por organizaciones no gubernamentales y comenzar\u00e1n las gestiones para solicitar protecci\u00f3n internacional en Espa\u00f1a.<\/span><\/p>\n<p><span style=\"font-family: arial, helvetica, sans-serif; font-size: medium;\">Nafia Bedred\u00edn, padre de familia iraqu\u00ed, ten\u00eda trabajo en su ciudad pintando casas pero lo dej\u00f3 todo atr\u00e1s para huir de la guerra junto a su esposa y sus cuatro hijos, dos ni\u00f1as y dos ni\u00f1os, el m\u00e1s peque\u00f1o de tan solo 5 meses.\u00a0<\/span><span style=\"font-family: arial, helvetica, sans-serif; font-size: medium;\">Llegaron a suelo griego hace cuatro meses y desde entonces han estado primero en Sal\u00f3nica y despu\u00e9s en Atenas, donde viv\u00edan en un apartamento cedido para solicitantes de protecci\u00f3n internacional cerca de la central plaza de Omonia, uno de los puntos principales de reuni\u00f3n entre refugiados y traficantes.<\/span><\/p>\n<p style=\"text-align: center;\"><a href=\"\/cartasdesdegrecia\/wp-content\/uploads\/sites\/30\/2016\/05\/A1-52452427.jpg\"><img loading=\"lazy\" class=\"wp-image-298\" style=\"border: 5px solid black;\" title=\"SALIDA REFUGIADOS A ESPA\u00d1A\" src=\"\/cartasdesdegrecia\/wp-content\/uploads\/sites\/30\/2016\/05\/A1-52452427.jpg\" alt=\"\" width=\"490\" height=\"720\" srcset=\"https:\/\/static-blogs.eldiariomontanes.es\/wp-content\/uploads\/sites\/30\/2016\/05\/A1-52452427.jpg 613w, https:\/\/static-blogs.eldiariomontanes.es\/wp-content\/uploads\/sites\/30\/2016\/05\/A1-52452427-204x300.jpg 204w\" sizes=\"(max-width: 490px) 100vw, 490px\" \/><\/a><\/p>\n<p><strong><span style=\"font-size: medium; font-family: arial, helvetica, sans-serif;\">Aunque la OIM organiz\u00f3 un seminario para informar al grupo sobre el pa\u00eds que les acoger\u00e1 a partir de este mediod\u00eda, ninguno de ellos sab\u00eda c\u00f3mo es Espa\u00f1a ni, de momento, habla el idioma.\u00a0<\/span><\/strong><span style=\"font-family: arial, helvetica, sans-serif; font-size: medium;\">&#8220;Sobre Espa\u00f1a no s\u00e9 mucho, solo decir hola, pero estoy feliz de ir&#8221;, cont\u00f3 a Efe sonriendo Bedrer\u00edn mientras esperaba en el aeropuerto para embarcar.<\/span><\/p>\n<p><span style=\"font-size: medium; font-family: arial, helvetica, sans-serif;\">En el grupo no viajan solo familias, tambi\u00e9n tres hombres y una mujer que van solos.\u00a0<\/span><span style=\"font-family: arial, helvetica, sans-serif; font-size: medium;\">Se trata de Demia, una ciudadana iraqu\u00ed ciega, cuya pareja, Khalib, un alem\u00e1n de procedencia \u00e1rabe que vive en Berl\u00edn, ha pasado los tres meses que ella ha estado en Grecia acompa\u00f1\u00e1ndola e intentando llevarla a Alemania con \u00e9l, algo que no ha podido conseguir.\u00a0<\/span><span style=\"font-size: medium; font-family: arial, helvetica, sans-serif;\"><strong>&#8220;Me dijeron que no pod\u00eda ser, que no hay m\u00e1s plazas en Alemania, pero seguir\u00e9 intent\u00e1ndolo&#8221;<\/strong>, explic\u00f3 Khalib.\u00a0<\/span><span style=\"font-family: arial, helvetica, sans-serif; font-size: medium;\">Pacientes y en un ambiente muy tranquilo, el grupo lleg\u00f3 al aeropuerto con m\u00e1s de tres horas de anticipaci\u00f3n, siguiendo las indicaciones de la OIM.<\/span><\/p>\n<p><span style=\"font-size: medium; font-family: arial, helvetica, sans-serif;\">Ellos son los 20 primeros refugiados procedentes de Grecia que acoge Espa\u00f1a, <strong>de un total de 150 que se prev\u00e9 viajen antes de finales de junio<\/strong>, como parte del programa europeo de reubicaci\u00f3n de personas que est\u00e1n en el pa\u00eds heleno.\u00a0<\/span><span style=\"font-family: arial, helvetica, sans-serif; font-size: medium;\">El pr\u00f3ximo traslado ser\u00e1 de 44 personas y est\u00e1 previsto para el 30 de mayo, al que le seguir\u00e1 otro de 19 refugiados el 1 de junio.<\/span><\/p>\n<p style=\"text-align: center;\"><a href=\"\/cartasdesdegrecia\/wp-content\/uploads\/sites\/30\/2016\/05\/A1-52452434.jpg\"><img loading=\"lazy\" class=\"aligncenter  wp-image-300\" style=\"border: 5px solid black;\" title=\"SALIDA REFUGIADOS A ESPA\u00d1A\" src=\"\/cartasdesdegrecia\/wp-content\/uploads\/sites\/30\/2016\/05\/A1-52452434.jpg\" alt=\"\" width=\"717\" height=\"528\" srcset=\"https:\/\/static-blogs.eldiariomontanes.es\/wp-content\/uploads\/sites\/30\/2016\/05\/A1-52452434.jpg 1222w, https:\/\/static-blogs.eldiariomontanes.es\/wp-content\/uploads\/sites\/30\/2016\/05\/A1-52452434-300x221.jpg 300w, https:\/\/static-blogs.eldiariomontanes.es\/wp-content\/uploads\/sites\/30\/2016\/05\/A1-52452434-768x566.jpg 768w, https:\/\/static-blogs.eldiariomontanes.es\/wp-content\/uploads\/sites\/30\/2016\/05\/A1-52452434-1024x754.jpg 1024w\" sizes=\"(max-width: 717px) 100vw, 717px\" \/><\/a><\/p>\n<p>&nbsp;<\/p>\n<p><span style=\"font-size: medium; font-family: arial, helvetica, sans-serif;\"><span style=\"font-size: large;\"><strong>Los 67 restantes viajar\u00e1n a Espa\u00f1a antes de finales de junio<\/strong><\/span><\/span><\/p>\n<p><span style=\"font-size: medium; font-family: arial, helvetica, sans-serif;\">Hasta ahora Espa\u00f1a solo hab\u00eda acogido a <strong>18 refugiados de los 16.000 a los que se comprometi\u00f3 a dar asilo pol\u00edtico entre 2016 y 2017<\/strong>, todos ellos procedentes de Italia.<\/span><\/p>\n<p><span style=\"font-size: medium; font-family: arial, helvetica, sans-serif;\">Adem\u00e1s de los 150 refugiados que reubicar\u00e1 desde Grecia, el Ministerio del Interior espa\u00f1ol prev\u00e9 la acogida de otras 50 personas desde Italia por el programa europeo de reubicaci\u00f3n y 386 provenientes de L\u00edbano y Turqu\u00eda por el programa comunitario de reasentamiento.<\/span><\/p>\n<p><strong><span style=\"font-size: medium; font-family: arial, helvetica, sans-serif;\">En Grecia permanecen m\u00e1s de 54.000 refugiados y migrantes repartidos en centros gubernamentales y campamentos improvisados, como el de Idomeni, que ha comenzado a ser desalojado esta ma\u00f1ana.<\/span><\/strong><\/p>\n\n\t\t<style type=\"text\/css\">\n\t\t\t#gallery-1 {\n\t\t\t\tmargin: auto;\n\t\t\t}\n\t\t\t#gallery-1 .gallery-item {\n\t\t\t\tfloat: left;\n\t\t\t\tmargin-top: 10px;\n\t\t\t\ttext-align: center;\n\t\t\t\twidth: 33%;\n\t\t\t}\n\t\t\t#gallery-1 img {\n\t\t\t\tborder: 2px solid #cfcfcf;\n\t\t\t}\n\t\t\t#gallery-1 .gallery-caption {\n\t\t\t\tmargin-left: 0;\n\t\t\t}\n\t\t\t\/* see gallery_shortcode() in wp-includes\/media.php *\/\n\t\t<\/style>\n\t\t<div id='gallery-1' class='gallery galleryid-230 gallery-columns-3 gallery-size-thumbnail'><dl class='gallery-item'>\n\t\t\t<dt class='gallery-icon portrait'>\n\t\t\t\t<a href=\"https:\/\/static-blogs.eldiariomontanes.es\/wp-content\/uploads\/sites\/30\/2016\/05\/A1-52452416.jpg\"><img width=\"150\" height=\"150\" src=\"https:\/\/static-blogs.eldiariomontanes.es\/wp-content\/uploads\/sites\/30\/2016\/05\/A1-52452416-150x150.jpg\" class=\"attachment-thumbnail size-thumbnail\" alt=\"\" loading=\"lazy\" \/><\/a>\n\t\t\t<\/dt><\/dl><dl class='gallery-item'>\n\t\t\t<dt class='gallery-icon portrait'>\n\t\t\t\t<a href=\"https:\/\/static-blogs.eldiariomontanes.es\/wp-content\/uploads\/sites\/30\/2016\/05\/A1-52452427.jpg\"><img width=\"150\" height=\"150\" src=\"https:\/\/static-blogs.eldiariomontanes.es\/wp-content\/uploads\/sites\/30\/2016\/05\/A1-52452427-150x150.jpg\" class=\"attachment-thumbnail size-thumbnail\" alt=\"\" loading=\"lazy\" \/><\/a>\n\t\t\t<\/dt><\/dl><dl class='gallery-item'>\n\t\t\t<dt class='gallery-icon landscape'>\n\t\t\t\t<a href=\"https:\/\/static-blogs.eldiariomontanes.es\/wp-content\/uploads\/sites\/30\/2016\/05\/A1-52452430.jpg\"><img width=\"150\" height=\"150\" src=\"https:\/\/static-blogs.eldiariomontanes.es\/wp-content\/uploads\/sites\/30\/2016\/05\/A1-52452430-150x150.jpg\" class=\"attachment-thumbnail size-thumbnail\" alt=\"\" loading=\"lazy\" \/><\/a>\n\t\t\t<\/dt><\/dl><br style=\"clear: both\" \/><dl class='gallery-item'>\n\t\t\t<dt class='gallery-icon landscape'>\n\t\t\t\t<a href=\"https:\/\/static-blogs.eldiariomontanes.es\/wp-content\/uploads\/sites\/30\/2016\/05\/A1-52452434.jpg\"><img width=\"150\" height=\"150\" src=\"https:\/\/static-blogs.eldiariomontanes.es\/wp-content\/uploads\/sites\/30\/2016\/05\/A1-52452434-150x150.jpg\" class=\"attachment-thumbnail size-thumbnail\" alt=\"\" loading=\"lazy\" \/><\/a>\n\t\t\t<\/dt><\/dl><dl class='gallery-item'>\n\t\t\t<dt class='gallery-icon landscape'>\n\t\t\t\t<a href=\"https:\/\/static-blogs.eldiariomontanes.es\/wp-content\/uploads\/sites\/30\/2016\/05\/A1-52452439.jpg\"><img width=\"150\" height=\"150\" src=\"https:\/\/static-blogs.eldiariomontanes.es\/wp-content\/uploads\/sites\/30\/2016\/05\/A1-52452439-150x150.jpg\" class=\"attachment-thumbnail size-thumbnail\" alt=\"\" loading=\"lazy\" \/><\/a>\n\t\t\t<\/dt><\/dl><dl class='gallery-item'>\n\t\t\t<dt class='gallery-icon landscape'>\n\t\t\t\t<a href=\"https:\/\/static-blogs.eldiariomontanes.es\/wp-content\/uploads\/sites\/30\/2016\/05\/A1-52452440.jpg\"><img width=\"150\" height=\"150\" src=\"https:\/\/static-blogs.eldiariomontanes.es\/wp-content\/uploads\/sites\/30\/2016\/05\/A1-52452440-150x150.jpg\" class=\"attachment-thumbnail size-thumbnail\" alt=\"\" loading=\"lazy\" \/><\/a>\n\t\t\t<\/dt><\/dl><br style=\"clear: both\" \/><dl class='gallery-item'>\n\t\t\t<dt class='gallery-icon landscape'>\n\t\t\t\t<a href=\"https:\/\/static-blogs.eldiariomontanes.es\/wp-content\/uploads\/sites\/30\/2016\/05\/A1-52452486.jpg\"><img width=\"150\" height=\"150\" src=\"https:\/\/static-blogs.eldiariomontanes.es\/wp-content\/uploads\/sites\/30\/2016\/05\/A1-52452486-150x150.jpg\" class=\"attachment-thumbnail size-thumbnail\" alt=\"\" loading=\"lazy\" \/><\/a>\n\t\t\t<\/dt><\/dl><dl class='gallery-item'>\n\t\t\t<dt class='gallery-icon portrait'>\n\t\t\t\t<a href=\"https:\/\/static-blogs.eldiariomontanes.es\/wp-content\/uploads\/sites\/30\/2016\/05\/IMG_4220.jpg\"><img width=\"150\" height=\"150\" src=\"https:\/\/static-blogs.eldiariomontanes.es\/wp-content\/uploads\/sites\/30\/2016\/05\/IMG_4220-150x150.jpg\" class=\"attachment-thumbnail size-thumbnail\" alt=\"\" loading=\"lazy\" \/><\/a>\n\t\t\t<\/dt><\/dl><dl class='gallery-item'>\n\t\t\t<dt class='gallery-icon landscape'>\n\t\t\t\t<a href=\"https:\/\/static-blogs.eldiariomontanes.es\/wp-content\/uploads\/sites\/30\/2016\/05\/IMG_4221.jpg\"><img width=\"150\" height=\"150\" src=\"https:\/\/static-blogs.eldiariomontanes.es\/wp-content\/uploads\/sites\/30\/2016\/05\/IMG_4221-150x150.jpg\" class=\"attachment-thumbnail size-thumbnail\" alt=\"\" loading=\"lazy\" \/><\/a>\n\t\t\t<\/dt><\/dl><br style=\"clear: both\" \/><dl class='gallery-item'>\n\t\t\t<dt class='gallery-icon landscape'>\n\t\t\t\t<a href=\"https:\/\/static-blogs.eldiariomontanes.es\/wp-content\/uploads\/sites\/30\/2016\/05\/IMG_4228.jpg\"><img width=\"150\" height=\"150\" src=\"https:\/\/static-blogs.eldiariomontanes.es\/wp-content\/uploads\/sites\/30\/2016\/05\/IMG_4228-150x150.jpg\" class=\"attachment-thumbnail size-thumbnail\" alt=\"\" loading=\"lazy\" \/><\/a>\n\t\t\t<\/dt><\/dl><dl class='gallery-item'>\n\t\t\t<dt class='gallery-icon landscape'>\n\t\t\t\t<a href=\"https:\/\/static-blogs.eldiariomontanes.es\/wp-content\/uploads\/sites\/30\/2016\/05\/Ghaith-.jpg\"><img width=\"150\" height=\"150\" src=\"https:\/\/static-blogs.eldiariomontanes.es\/wp-content\/uploads\/sites\/30\/2016\/05\/Ghaith--150x150.jpg\" class=\"attachment-thumbnail size-thumbnail\" alt=\"\" loading=\"lazy\" aria-describedby=\"gallery-1-307\" \/><\/a>\n\t\t\t<\/dt>\n\t\t\t\t<dd class='wp-caption-text gallery-caption' id='gallery-1-307'>\n\t\t\t\tGhaith Niazi es uno de los j\u00f3venes sirios con el que charlamos en el campamento de Pireos en Cartas desde Grecia. \n\t\t\t\t<\/dd><\/dl>\n\t\t\t<br style='clear: both' \/>\n\t\t<\/div>\n\n<!-- AddThis Advanced Settings generic via filter on the_content --><!-- AddThis Share Buttons generic via filter on the_content -->","protected":false},"excerpt":{"rendered":"<p>Siete hombres, cinco mujeres y ocho ni\u00f1os han aterrizado ya en Madrid y, en un principio, vivir\u00e1n en Arag\u00f3n, Catalu\u00f1a y Andaluc\u00eda &#8230;&#8230;&#8230;&#8230;&#8230;&#8230;&#8230;&#8230;&#8230;.. Uno de ellos es Ghaith Niazi, un peluquero sirio de 22 a\u00f1os, que nos cont\u00f3 su historia en Cartas desde Grecia &#8230;&#8230;&#8230;&#8230;&#8230;&#8230;&#8230;&#8230;&#8230;&#8230;&#8230;&#8230;&#8230;. &nbsp; Ya est\u00e1n en Espa\u00f1a los primeros 20 refugiados que [&hellip;]<!-- AddThis Advanced Settings generic via filter on get_the_excerpt --><!-- AddThis Share Buttons generic via filter on get_the_excerpt --><\/p>\n","protected":false},"author":11,"featured_media":0,"comment_status":"open","ping_status":"closed","sticky":false,"template":"","format":"standard","meta":[],"categories":[2],"tags":[],"_links":{"self":[{"href":"https:\/\/blogs.eldiariomontanes.es\/cartasdesdegrecia\/wp-json\/wp\/v2\/posts\/230"}],"collection":[{"href":"https:\/\/blogs.eldiariomontanes.es\/cartasdesdegrecia\/wp-json\/wp\/v2\/posts"}],"about":[{"href":"https:\/\/blogs.eldiariomontanes.es\/cartasdesdegrecia\/wp-json\/wp\/v2\/types\/post"}],"author":[{"embeddable":true,"href":"https:\/\/blogs.eldiariomontanes.es\/cartasdesdegrecia\/wp-json\/wp\/v2\/users\/11"}],"replies":[{"embeddable":true,"href":"https:\/\/blogs.eldiariomontanes.es\/cartasdesdegrecia\/wp-json\/wp\/v2\/comments?post=230"}],"version-history":[{"count":0,"href":"https:\/\/blogs.eldiariomontanes.es\/cartasdesdegrecia\/wp-json\/wp\/v2\/posts\/230\/revisions"}],"wp:attachment":[{"href":"https:\/\/blogs.eldiariomontanes.es\/cartasdesdegrecia\/wp-json\/wp\/v2\/media?parent=230"}],"wp:term":[{"taxonomy":"category","embeddable":true,"href":"https:\/\/blogs.eldiariomontanes.es\/cartasdesdegrecia\/wp-json\/wp\/v2\/categories?post=230"},{"taxonomy":"post_tag","embeddable":true,"href":"https:\/\/blogs.eldiariomontanes.es\/cartasdesdegrecia\/wp-json\/wp\/v2\/tags?post=230"}],"curies":[{"name":"wp","href":"https:\/\/api.w.org\/{rel}","templated":true}]}}