{"id":194,"date":"2016-05-26T10:39:32","date_gmt":"2016-05-26T08:39:32","guid":{"rendered":"http:\/\/blogs.eldiariomontanes.es\/cartasdesdegrecia\/?p=194"},"modified":"2016-05-26T10:39:32","modified_gmt":"2016-05-26T08:39:32","slug":"alemania-ofrece-a-los-refugiados-minitrabajos-pagados-un-euro-por-hora","status":"publish","type":"post","link":"https:\/\/blogs.eldiariomontanes.es\/cartasdesdegrecia\/2016\/05\/26\/alemania-ofrece-a-los-refugiados-minitrabajos-pagados-un-euro-por-hora\/","title":{"rendered":"Alemania ofrece a los refugiados &#039;minitrabajos&#039; pagados un euro por hora"},"content":{"rendered":"<p style=\"text-align: left;\"><strong>AFP.-<\/strong><\/p>\n<div id=\"attachment_196\" style=\"width: 727px\" class=\"wp-caption aligncenter\"><a href=\"\/cartasdesdegrecia\/wp-content\/uploads\/sites\/30\/2016\/05\/46312566.jpg\"><img aria-describedby=\"caption-attachment-196\" loading=\"lazy\" class=\" wp-image-196\" style=\"border: 5px solid black;\" title=\"Una familia de refugiados de Siria espera delante de una sala de exposiciones en el recinto ferial de M\u00fanich , que sirve como refugio improvisado para los migrantes en Munich.\" src=\"\/cartasdesdegrecia\/wp-content\/uploads\/sites\/30\/2016\/05\/46312566.jpg\" alt=\"Una familia de refugiados de Siria espera delante de una sala de exposiciones en el recinto ferial de M\u00fanich , que sirve como refugio improvisado para los migrantes en Munich.\" width=\"717\" height=\"471\" srcset=\"https:\/\/static-blogs.eldiariomontanes.es\/wp-content\/uploads\/sites\/30\/2016\/05\/46312566.jpg 1369w, https:\/\/static-blogs.eldiariomontanes.es\/wp-content\/uploads\/sites\/30\/2016\/05\/46312566-300x197.jpg 300w, https:\/\/static-blogs.eldiariomontanes.es\/wp-content\/uploads\/sites\/30\/2016\/05\/46312566-768x505.jpg 768w, https:\/\/static-blogs.eldiariomontanes.es\/wp-content\/uploads\/sites\/30\/2016\/05\/46312566-1024x673.jpg 1024w\" sizes=\"(max-width: 717px) 100vw, 717px\" \/><\/a><p id=\"caption-attachment-196\" class=\"wp-caption-text\">Una familia de refugiados de Siria espera delante de una sala de exposiciones en el recinto ferial de M\u00fanich , que sirve como refugio improvisado para los migrantes en Munich. Foto: AFP<\/p><\/div>\n<p><span style=\"font-size: medium; font-family: arial, helvetica, sans-serif;\">Servir comida, reparar camas o regar plantas son las ofertas de &#8220;mini trabajos&#8221; que los refugiados pueden realizar en Alemania por una paga de <strong>un euro la hora<\/strong>, una medida cuestionada por las dudas de su eficacia para integrar a los reci\u00e9n llegados al mercado laboral.<\/span><\/p>\n<p><span style=\"font-size: medium; font-family: arial, helvetica, sans-serif;\">Cuchar\u00f3n y esp\u00e1tula en mano, <em>Zaid<\/em>, un iraqu\u00ed de 23 a\u00f1os, levanta la cubierta de una bandeja llena de gulash y de croquetas de papa. Mientras sirve las porciones intenta explicar a los otros refugiados la receta de este guiso, un plato &#8220;muy alem\u00e1n&#8221; que adoba con aceite y caldo de res.\u00a0<\/span><span style=\"font-family: arial, helvetica, sans-serif; font-size: medium;\">De 18.30 a 20.00 horas, Zaid est\u00e1 empleado por la ciudad de Berl\u00edn para distribuir la cena a otros 152 refugiados sirios, iraqu\u00edes, afganos y moldavos que acuden a un gimnasio de Berl\u00edn trasformado en centro de acogida temporal.\u00a0<\/span><span style=\"font-family: arial, helvetica, sans-serif; font-size: medium;\">Sin embargo, Zaid realiza sus tareas con una gran sonrisa.<\/span><\/p>\n<p><span style=\"font-size: medium; font-family: arial, helvetica, sans-serif;\"><strong>&#8220;Esto me permite tener contacto con alemanes que vienen aqu\u00ed a distribuir la comida como voluntarios conmigo y as\u00ed practico el idioma&#8221;<\/strong>, explica el refugiado, que huy\u00f3 de su ciudad natal Hilla, con su padre y su hermana hace seis meses.\u00a0<\/span><span style=\"font-family: arial, helvetica, sans-serif; font-size: medium;\"><strong>&#8220;Ya no ando dando vueltas por la ciudad sin saber qu\u00e9 hacer&#8221;<\/strong>, agrega.<\/span><\/p>\n<p><span style=\"font-size: medium; font-family: arial, helvetica, sans-serif;\">En el albergue donde vive,<strong> el aburrimiento a veces causa conflictos<\/strong>, ya que la m\u00e1s nimia tonter\u00eda lleva a la gente a subir la voz, en disputas que incluso a llegan a las manos.<\/span><\/p>\n<p style=\"text-align: center;\"><a href=\"\/cartasdesdegrecia\/wp-content\/uploads\/sites\/30\/2016\/05\/afp.jpg\"><img loading=\"lazy\" class=\"aligncenter  wp-image-197\" style=\"border: 5px solid black;\" title=\"-\" src=\"\/cartasdesdegrecia\/wp-content\/uploads\/sites\/30\/2016\/05\/afp.jpg\" alt=\"\" width=\"717\" height=\"496\" srcset=\"https:\/\/static-blogs.eldiariomontanes.es\/wp-content\/uploads\/sites\/30\/2016\/05\/afp.jpg 1301w, https:\/\/static-blogs.eldiariomontanes.es\/wp-content\/uploads\/sites\/30\/2016\/05\/afp-300x208.jpg 300w, https:\/\/static-blogs.eldiariomontanes.es\/wp-content\/uploads\/sites\/30\/2016\/05\/afp-768x531.jpg 768w, https:\/\/static-blogs.eldiariomontanes.es\/wp-content\/uploads\/sites\/30\/2016\/05\/afp-1024x708.jpg 1024w\" sizes=\"(max-width: 717px) 100vw, 717px\" \/><\/a><\/p>\n<p>&nbsp;<\/p>\n<p><span style=\"font-family: 'arial black', 'avant garde';\"><strong><span style=\"font-size: medium;\">3.925 en 75 centros de acogida<\/span><\/strong><\/span><\/p>\n<p><span style=\"font-size: medium; font-family: arial, helvetica, sans-serif;\">Berl\u00edn emplea actualmente a 3.925 refugiados en 75 centros de acogida. La ciudad, muy criticada por la gesti\u00f3n de la llegada de los migrantes, ahora quiere ampliar su oferta de &#8220;empleos por un euro&#8221; a asociaciones catalogadas como de utilidad p\u00fablica.<\/span><\/p>\n<p><span style=\"font-size: medium; font-family: arial, helvetica, sans-serif;\">En <strong>Baviera<\/strong>, uno de los estados que m\u00e1s refugiados acoge, m\u00e1s de 9.000 personas ejercen este tipo de empleos. En <strong>Han\u00f3ver<\/strong> pueden trabajar reparando bicicletas, clasificando ropa o acompa\u00f1ando a los ni\u00f1os a la guarder\u00eda, a cambio de clases de alem\u00e1n.<\/span><\/p>\n<p><span style=\"font-size: medium; font-family: arial, helvetica, sans-serif;\"><strong>El ministro de Trabajo, Andrea Nahles, prometi\u00f3 la creaci\u00f3n de 100.000 empleos de este tipo para los refugiados<\/strong>. Estos &#8220;mini empleos&#8221; de un euro hab\u00edan sido lanzados hace diez a\u00f1os en una reforma del mercado laboral.<\/span><\/p>\n<p><span style=\"font-size: medium; font-family: arial, helvetica, sans-serif;\"><strong>&#8220;En el corto plazo, es una medida juiciosa ya que de otra manera los refugiados no tendr\u00edan ninguna oportunidad de trabajar&#8221;<\/strong>, explic\u00f3 AFP Ronald Bachmann, economista en el reputado instituto RWI, con sede en Essen (oeste).\u00a0<\/span><strong><span style=\"font-family: arial, helvetica, sans-serif; font-size: medium;\">Mientras que su expediente no haya sido analizado, los demandantes de asilo no tienen derecho a trabajar legalmente.\u00a0<\/span><\/strong><span style=\"font-family: arial, helvetica, sans-serif; font-size: medium;\">&#8220;Ver a los refugiados trabajando tambi\u00e9n env\u00eda una se\u00f1al pol\u00edtica&#8221;, afirma el experto en referencia al discurso populista que critica que los migrantes vivan a costa del Estado Alem\u00e1n.<\/span><\/p>\n<div id=\"attachment_198\" style=\"width: 727px\" class=\"wp-caption aligncenter\"><a href=\"\/cartasdesdegrecia\/wp-content\/uploads\/sites\/30\/2016\/05\/alemania.jpg\"><img aria-describedby=\"caption-attachment-198\" loading=\"lazy\" class=\" wp-image-198\" style=\"border: 5px solid black;\" title=\"Imagen de archivo en la que un grupo de sirios llevan a sus hijos a la ceremonia de la escuela primaria en Halle, donde se imparten clases de lenguaje para ni\u00f1os.\" src=\"\/cartasdesdegrecia\/wp-content\/uploads\/sites\/30\/2016\/05\/alemania.jpg\" alt=\"Imagen de archivo en la que un grupo de sirios llevan a sus hijos a la ceremonia de la escuela primaria en Halle, donde se imparten clases de lenguaje para ni\u00f1os.\" width=\"717\" height=\"477\" srcset=\"https:\/\/static-blogs.eldiariomontanes.es\/wp-content\/uploads\/sites\/30\/2016\/05\/alemania.jpg 1350w, https:\/\/static-blogs.eldiariomontanes.es\/wp-content\/uploads\/sites\/30\/2016\/05\/alemania-300x200.jpg 300w, https:\/\/static-blogs.eldiariomontanes.es\/wp-content\/uploads\/sites\/30\/2016\/05\/alemania-768x512.jpg 768w, https:\/\/static-blogs.eldiariomontanes.es\/wp-content\/uploads\/sites\/30\/2016\/05\/alemania-1024x683.jpg 1024w\" sizes=\"(max-width: 717px) 100vw, 717px\" \/><\/a><p id=\"caption-attachment-198\" class=\"wp-caption-text\">Imagen de archivo en la que un grupo de sirios llevan a sus hijos a la ceremonia de la escuela primaria en Halle, donde se imparten clases de lenguaje para ni\u00f1os.<\/p><\/div>\n<p><span style=\"font-size: medium; font-family: arial, helvetica, sans-serif;\"><strong>Estos empleos, que estaban destinados a desempleados de larga duraci\u00f3n, hab\u00edan casi ca\u00eddo en el olvido<\/strong> y ya que &#8220;es raro, muy raro que permitan insertarse en el mercado laboral ya que no se aprenden muchas cosas&#8221;, se\u00f1al\u00f3 Ronald Bachmann.\u00a0<\/span><span style=\"font-family: arial, helvetica, sans-serif; font-size: medium;\">El presidente de la Federaci\u00f3n Alemana de Sindicatos (DGB), Reiner Hoffmann, se pronunci\u00f3 en contra de estos empleos, ya que afirma que su pa\u00eds necesita un <strong>programa m\u00e1s ambicioso<\/strong> para integrar a los refugiados en el sistema productivo.\u00a0<\/span><span style=\"font-family: arial, helvetica, sans-serif; font-size: medium;\">En este sentido, Holger Sch\u00e4fer, experto en mercados laborales del Instituto IW, <strong>este programa &#8220;subvenciona la exclusi\u00f3n de los refugiados del mercado laboral&#8221;<\/strong>.<\/span><\/p>\n<p><span style=\"font-size: medium; font-family: arial, helvetica, sans-serif;\">Zaid, por su parte, no tienen intenciones de seguir una carrera en el sector de la restauraci\u00f3n y espera que los cursos de integraci\u00f3n que tom\u00f3 en un liceo de Berl\u00edn le permitan en alg\u00fan momento retomar los <strong>estudios<\/strong> de inform\u00e1tica que interrumpi\u00f3 en Irak.<\/span><\/p>\n<!-- AddThis Advanced Settings generic via filter on the_content --><!-- AddThis Share Buttons generic via filter on the_content -->","protected":false},"excerpt":{"rendered":"<p>AFP.- Servir comida, reparar camas o regar plantas son las ofertas de &#8220;mini trabajos&#8221; que los refugiados pueden realizar en Alemania por una paga de un euro la hora, una medida cuestionada por las dudas de su eficacia para integrar a los reci\u00e9n llegados al mercado laboral. Cuchar\u00f3n y esp\u00e1tula en mano, Zaid, un iraqu\u00ed [&hellip;]<!-- AddThis Advanced Settings generic via filter on get_the_excerpt --><!-- AddThis Share Buttons generic via filter on get_the_excerpt --><\/p>\n","protected":false},"author":11,"featured_media":0,"comment_status":"open","ping_status":"closed","sticky":false,"template":"","format":"standard","meta":[],"categories":[2],"tags":[],"_links":{"self":[{"href":"https:\/\/blogs.eldiariomontanes.es\/cartasdesdegrecia\/wp-json\/wp\/v2\/posts\/194"}],"collection":[{"href":"https:\/\/blogs.eldiariomontanes.es\/cartasdesdegrecia\/wp-json\/wp\/v2\/posts"}],"about":[{"href":"https:\/\/blogs.eldiariomontanes.es\/cartasdesdegrecia\/wp-json\/wp\/v2\/types\/post"}],"author":[{"embeddable":true,"href":"https:\/\/blogs.eldiariomontanes.es\/cartasdesdegrecia\/wp-json\/wp\/v2\/users\/11"}],"replies":[{"embeddable":true,"href":"https:\/\/blogs.eldiariomontanes.es\/cartasdesdegrecia\/wp-json\/wp\/v2\/comments?post=194"}],"version-history":[{"count":0,"href":"https:\/\/blogs.eldiariomontanes.es\/cartasdesdegrecia\/wp-json\/wp\/v2\/posts\/194\/revisions"}],"wp:attachment":[{"href":"https:\/\/blogs.eldiariomontanes.es\/cartasdesdegrecia\/wp-json\/wp\/v2\/media?parent=194"}],"wp:term":[{"taxonomy":"category","embeddable":true,"href":"https:\/\/blogs.eldiariomontanes.es\/cartasdesdegrecia\/wp-json\/wp\/v2\/categories?post=194"},{"taxonomy":"post_tag","embeddable":true,"href":"https:\/\/blogs.eldiariomontanes.es\/cartasdesdegrecia\/wp-json\/wp\/v2\/tags?post=194"}],"curies":[{"name":"wp","href":"https:\/\/api.w.org\/{rel}","templated":true}]}}