{"id":147,"date":"2016-05-12T14:56:28","date_gmt":"2016-05-12T12:56:28","guid":{"rendered":"http:\/\/blogs.eldiariomontanes.es\/cartasdesdegrecia\/?p=147"},"modified":"2016-05-12T14:56:28","modified_gmt":"2016-05-12T12:56:28","slug":"una-treintena-de-menores-sirios-sufrio-abusos-y-violaciones-en-un-campo-turco","status":"publish","type":"post","link":"https:\/\/blogs.eldiariomontanes.es\/cartasdesdegrecia\/2016\/05\/12\/una-treintena-de-menores-sirios-sufrio-abusos-y-violaciones-en-un-campo-turco\/","title":{"rendered":"Una treintena de menores sirios sufri\u00f3 abusos y violaciones en un campamento de refugiados de Turqu\u00eda"},"content":{"rendered":"<p><span style=\"font-family: arial, helvetica, sans-serif;\"><strong>EFE-ANKARA<\/strong><\/span><\/p>\n<div id=\"attachment_148\" style=\"width: 727px\" class=\"wp-caption aligncenter\"><a href=\"\/cartasdesdegrecia\/wp-content\/uploads\/sites\/30\/2016\/05\/TURQUIA.jpg\"><img aria-describedby=\"caption-attachment-148\" loading=\"lazy\" class=\" wp-image-148 \" style=\"border: 5px solid black;\" title=\"AFP PHOTO \/ YASIN Akg\u00fcl\" src=\"\/cartasdesdegrecia\/wp-content\/uploads\/sites\/30\/2016\/05\/TURQUIA.jpg\" alt=\"AFP PHOTO \/ YASIN Akg\u00fcl\" width=\"717\" height=\"482\" srcset=\"https:\/\/static-blogs.eldiariomontanes.es\/wp-content\/uploads\/sites\/30\/2016\/05\/TURQUIA.jpg 1339w, https:\/\/static-blogs.eldiariomontanes.es\/wp-content\/uploads\/sites\/30\/2016\/05\/TURQUIA-300x202.jpg 300w, https:\/\/static-blogs.eldiariomontanes.es\/wp-content\/uploads\/sites\/30\/2016\/05\/TURQUIA-768x516.jpg 768w, https:\/\/static-blogs.eldiariomontanes.es\/wp-content\/uploads\/sites\/30\/2016\/05\/TURQUIA-1024x688.jpg 1024w\" sizes=\"(max-width: 717px) 100vw, 717px\" \/><\/a><p id=\"caption-attachment-148\" class=\"wp-caption-text\">AFP PHOTO \/ YASIN Akg\u00fcl<\/p><\/div>\n<p><span style=\"font-family: arial, helvetica, sans-serif; font-size: small;\">Una treintena de ni\u00f1os sirios de entre ocho y doce a\u00f1os de edad sufri\u00f3 abusos sexuales y violaciones en un campo de refugiados en Turqu\u00eda por parte de un miembro del personal de limpieza, inform\u00f3 hoy el diario BirG\u00fcn.<\/span><\/p>\n<p><span style=\"font-size: small; font-family: arial, helvetica, sans-serif;\">Los abusos se prolongaron durante tres meses el pasado a\u00f1o en el<strong> campo de refugiados de Nizip<\/strong>, situado en la provincia meridional de Gaziantep, fronteriza con Siria.<\/span><\/p>\n<p><span style=\"font-size: small; font-family: arial, helvetica, sans-serif;\">Fuentes militares relataron a ese diario que las sospechas de los soldados llevaron a descubrir los abusos y denunciarlos a la justicia el pasado septiembre.\u00a0<\/span><span style=\"font-family: arial, helvetica, sans-serif; font-size: small;\">Altos oficiales militares declararon que es &#8220;un desastre&#8221; y <strong>culparon de lo sucedido a la Agencia estatal de Emergencias (AFAD)<\/strong>, que gestiona ese campo de refugiados.<\/span><\/p>\n<p><span style=\"font-size: small; font-family: arial, helvetica, sans-serif;\">El personal militar del campamento comenz\u00f3 a <strong>sospechar del comportamiento del presunto autor de los abusos, identificado por las siglas E.E., porque llevaba a los ni\u00f1os siempre a \u00e1ngulos ciegos para el sistema de videovigilancia<\/strong>.<\/span><span style=\"font-family: arial, helvetica, sans-serif; font-size: small;\">El detenido confes\u00f3 en los interrogatorios de la gendarmer\u00eda y el fiscal los abusos y violaciones, dio detalles de lo que hizo y afirm\u00f3 que &#8220;los ni\u00f1os le animaban&#8221;.\u00a0<\/span><span style=\"font-family: arial, helvetica, sans-serif; font-size: small;\">A\u00f1adi\u00f3 que <strong>pagaba a sus v\u00edctimas entre 1,5 y 5 liras turcas, equivalente a entre 0,45 y 1,5 euros, para que guardaran silencio<\/strong>.<\/span><\/p>\n<p><strong><span style=\"font-size: small; font-family: arial, helvetica, sans-serif;\">S\u00f3lo ocho familias denunciaron lo sucedido y otras no lo han hecho aparentemente porque temen que pueda afectar a su situaci\u00f3n como refugiados en Turqu\u00eda.<\/span><\/strong><\/p>\n<p><span style=\"font-size: small; font-family: arial, helvetica, sans-serif;\">El campamento, situado a 50 kil\u00f3metros de la frontera siria, alberga a unos 14.000 refugiados sirios que escaparon de la guerra en su pa\u00eds.<\/span><\/p>\n<p>&nbsp;<\/p>\n<!-- AddThis Advanced Settings generic via filter on the_content --><!-- AddThis Share Buttons generic via filter on the_content -->","protected":false},"excerpt":{"rendered":"<p>El detenido pagaba a sus v\u00edctimas entre 1,5 y 5 liras turcas, equivalente a entre 0,45 y 1,5 euros, para que guardaran silencio<!-- AddThis Advanced Settings generic via filter on get_the_excerpt --><!-- AddThis Share Buttons generic via filter on get_the_excerpt --><\/p>\n","protected":false},"author":11,"featured_media":0,"comment_status":"open","ping_status":"closed","sticky":false,"template":"","format":"standard","meta":[],"categories":[2],"tags":[],"_links":{"self":[{"href":"https:\/\/blogs.eldiariomontanes.es\/cartasdesdegrecia\/wp-json\/wp\/v2\/posts\/147"}],"collection":[{"href":"https:\/\/blogs.eldiariomontanes.es\/cartasdesdegrecia\/wp-json\/wp\/v2\/posts"}],"about":[{"href":"https:\/\/blogs.eldiariomontanes.es\/cartasdesdegrecia\/wp-json\/wp\/v2\/types\/post"}],"author":[{"embeddable":true,"href":"https:\/\/blogs.eldiariomontanes.es\/cartasdesdegrecia\/wp-json\/wp\/v2\/users\/11"}],"replies":[{"embeddable":true,"href":"https:\/\/blogs.eldiariomontanes.es\/cartasdesdegrecia\/wp-json\/wp\/v2\/comments?post=147"}],"version-history":[{"count":0,"href":"https:\/\/blogs.eldiariomontanes.es\/cartasdesdegrecia\/wp-json\/wp\/v2\/posts\/147\/revisions"}],"wp:attachment":[{"href":"https:\/\/blogs.eldiariomontanes.es\/cartasdesdegrecia\/wp-json\/wp\/v2\/media?parent=147"}],"wp:term":[{"taxonomy":"category","embeddable":true,"href":"https:\/\/blogs.eldiariomontanes.es\/cartasdesdegrecia\/wp-json\/wp\/v2\/categories?post=147"},{"taxonomy":"post_tag","embeddable":true,"href":"https:\/\/blogs.eldiariomontanes.es\/cartasdesdegrecia\/wp-json\/wp\/v2\/tags?post=147"}],"curies":[{"name":"wp","href":"https:\/\/api.w.org\/{rel}","templated":true}]}}