{"id":77,"date":"2013-09-30T10:00:37","date_gmt":"2013-09-30T10:00:37","guid":{"rendered":"http:\/\/blogs.eldiariomontanes.es\/acapella\/?p=77"},"modified":"2013-09-30T10:00:37","modified_gmt":"2013-09-30T10:00:37","slug":"sniace-todavia-hay-partido","status":"publish","type":"post","link":"https:\/\/blogs.eldiariomontanes.es\/acapella\/2013\/09\/30\/sniace-todavia-hay-partido\/","title":{"rendered":"Sniace: todav\u00eda hay partido"},"content":{"rendered":"<p><a href=\"\/acapella\/wp-content\/uploads\/sites\/14\/2013\/09\/ansola5.jpg\"><img loading=\"lazy\" class=\"aligncenter  wp-image-78\" title=\"ansola\" src=\"\/acapella\/wp-content\/uploads\/sites\/14\/2013\/09\/ansola5.jpg\" alt=\"\" width=\"676\" height=\"170\" \/><\/a><br \/>\nLa crisis de Sniace ha llegado al punto l\u00edmite que ya era previsible cuando estall\u00f3, nueve meses atr\u00e1s: las fabricas cerradas, el concurso de acreedores por una deuda de 150 millones de euros y los m\u00e1s de 500 trabajadores con la carta de despido en el bolsillo. Entre el plan de viabilidad de la empresa, insuficiente en su dotaci\u00f3n y fiado en \u00faltima instancia al dinero p\u00fablico, y la estrategia dominante en el comit\u00e9 de empresa de defender todo el empleo, apenas hab\u00eda resquicio para intentar el acuerdo en la negociaci\u00f3n. El Gobierno de Ignacio Diego est\u00e1 dispuesto a mediar, pero a distancia para no \u2018quemarse\u2019 demasiado en un trance tan delicado.<br \/>\nY no lo va a tener f\u00e1cil, ante la presi\u00f3n de la empresa y de los trabajadores en esta situaci\u00f3n cr\u00edtica. Cuando la empresa ganaba dinero, cotizaba al alza en la Bolsa, repart\u00eda beneficios, hab\u00eda \u2018tiros\u2019 para entrar en el Consejo y cobrar las dietas, y se firmaban razonables convenios, era la gesti\u00f3n brillante de una compa\u00f1\u00eda privada. Pero al llegar los malos tiempos, y consciente de la gran trascedencia socio-econ\u00f3mica de la empresa en la comarca, Sniace reclama una suerte de estatus de empresa p\u00fablica, algo as\u00ed como lo que ha sucedido durante a\u00f1os en la miner\u00eda asturiana. Sin ir m\u00e1s lejos, en su \u00faltima oferta, Sniace cargaba las 146 prejubilaciones a la cuenta del erario p\u00fablico. Como si no hubiese m\u00e1s parados en la regi\u00f3n. O quiz\u00e1, como si guardase en la memoria que para resolver la dur\u00edsima crisis de Sniace de los a\u00f1os noventa\u00a0 el Gobierno de Cantabria, la caja p\u00fablica, pag\u00f3 ese mismo peaje, unos 340 millones de pesetas de la \u00e9poca.<br \/>\nEn el entorno de Sniace, en la comarca del Besaya, en el Gobierno del PP y en los partidos de la oposici\u00f3n, PRC y PSOE, se comparte la idea de que la negociaci\u00f3n todav\u00eda es posible, que \u2018hay partido\u2019 por jugar todav\u00eda, a\u00fan con el concurso de acreedores abierto y los despidos en tr\u00e1mite. Que la empresa ha optado por tomar una posici\u00f3n de fuerza hasta el punto de rechazar inicialmente, con una actitud rayana en la groser\u00eda, la petici\u00f3n del Gobierno de retomar la negociaci\u00f3n. Que el Consejo de Sniace prefiere hacerlo con las 515 cartas de despido en poder de sus destinatarios y medir entonces el grado de unidad de la plantilla, que por momentos se ha tambaleado en estos d\u00edas, a la hora de rechazar cualquier ajuste y lanzarse a la movilizaci\u00f3n general.<br \/>\nPor concretar ese contexto favorable a una nueva fase de negociaci\u00f3n: \u00bfPor qu\u00e9 Sniace, sus accionistas, querr\u00edan cerrar definitivamente cuando hay negocio en la celulosa, y posiblemente tambi\u00e9n en la cogeneraci\u00f3n, a partir de un ajuste laboral adecuado?<br \/>\nY los terrenos en desuso, claro. Una enorme superficie con un gran valor potencial para una empresa totalmente hu\u00e9rfana de liquidez. Pero en ese \u00e1mbito, el Ayuntamiento de Torrelavega y el Gobierno regional tienen mucho que decir, mucha capacidad de presi\u00f3n sobre el Consejo, descabezado por los problemas de salud del presidente, Blas Mezquita, y con opiniones encontradas en su seno.<br \/>\nEl alcalde, Ildefonso Calder\u00f3n, ha subrayado reiteradamente las posibilidades que ofrecen esos terrenos y su disposici\u00f3n a favorecer una recalificaci\u00f3n hacia el sector industrial terciario \u2013usos log\u00edsticos, comerciales, etc\u2013 siempre que ello repercutiera en la preservaci\u00f3n del empleo en Sniace y en la creaci\u00f3n de puestos de trabajo para Torrelavega y su comarca.<br \/>\nMediaci\u00f3n y consenso<br \/>\nEl Gobierno regional vuelve a ensayar estos d\u00edas el papel de mediador, pero no ya desde una posici\u00f3n neutral sino del lado de los trabajadores, frente a la empresa que les ha \u2018enga\u00f1ado\u2019, tal como Ignacio Diego ha descrito la situaci\u00f3n. Una respuesta a la gran presi\u00f3n que Sniace ha ejercido sobre el Ejecutivo desde el comienzo de la crisis, que ni siquiera amain\u00f3 cuando logr\u00f3 atenuar el impacto de las medidas energ\u00e9ticas, fiscales y medioambientales sobre las cuentas de la compa\u00f1\u00eda.<br \/>\nEn realidad, el PP ya estaba advertido que su decisi\u00f3n, acertada o no, de frenar cuando lleg\u00f3 al Gobierno el cr\u00e9dito para la planta de bioetanol iba a tener consecuencias y deb\u00eda estar preparado para reaccionar, por ejemplo con un plan alternativo en los terrenos de Sniace o la ubicaci\u00f3n en el Besaya de alguno de esos proyectos empresariales que negocia en M\u00e9xico y en Espa\u00f1a.<br \/>\nEs evidente para todos que la crisis de Sniace, el cese de la actividad y el despido del medio millar largo de trabajadores, tendr\u00eda un gran impacto en la econom\u00eda de la comarca del Besaya. Tambi\u00e9n en la pol\u00edtica, a un a\u00f1o y medio de las elecciones. A la espera de que el escenario se aclare, el Gobierno eval\u00faa planes de acci\u00f3n, que siempre ser\u00e1n m\u00e1s operativos en un clima de consenso pol\u00edtico, sobre todo si se trata de jugar \u2018al l\u00edmite del reglamento\u2019 el partido por la supervivencia de Sniace y su plantilla. El PP no ha explorado todav\u00eda esa opci\u00f3n del acuerdo pol\u00edtico, pero advierte con claridad una posici\u00f3n m\u00e1s constructiva en el PSOE \u2013con ofertas concretas de pacto\u2013 que en su principal adversario, el PRC de Miguel \u00c1ngel Revilla.<\/p>\n<!-- AddThis Advanced Settings generic via filter on the_content --><!-- AddThis Share Buttons generic via filter on the_content -->","protected":false},"excerpt":{"rendered":"<p>La crisis de Sniace ha llegado al punto l\u00edmite que ya era previsible cuando estall\u00f3, nueve meses atr\u00e1s: las fabricas cerradas, el concurso de acreedores por una deuda de 150 millones de euros y los m\u00e1s de 500 trabajadores con la carta de despido en el bolsillo. Entre el plan de viabilidad de la empresa, [&hellip;]<!-- AddThis Advanced Settings generic via filter on get_the_excerpt --><!-- AddThis Share Buttons generic via filter on get_the_excerpt --><\/p>\n","protected":false},"author":17,"featured_media":0,"comment_status":"open","ping_status":"open","sticky":false,"template":"","format":"standard","meta":[],"categories":[2],"tags":[],"_links":{"self":[{"href":"https:\/\/blogs.eldiariomontanes.es\/acapella\/wp-json\/wp\/v2\/posts\/77"}],"collection":[{"href":"https:\/\/blogs.eldiariomontanes.es\/acapella\/wp-json\/wp\/v2\/posts"}],"about":[{"href":"https:\/\/blogs.eldiariomontanes.es\/acapella\/wp-json\/wp\/v2\/types\/post"}],"author":[{"embeddable":true,"href":"https:\/\/blogs.eldiariomontanes.es\/acapella\/wp-json\/wp\/v2\/users\/17"}],"replies":[{"embeddable":true,"href":"https:\/\/blogs.eldiariomontanes.es\/acapella\/wp-json\/wp\/v2\/comments?post=77"}],"version-history":[{"count":0,"href":"https:\/\/blogs.eldiariomontanes.es\/acapella\/wp-json\/wp\/v2\/posts\/77\/revisions"}],"wp:attachment":[{"href":"https:\/\/blogs.eldiariomontanes.es\/acapella\/wp-json\/wp\/v2\/media?parent=77"}],"wp:term":[{"taxonomy":"category","embeddable":true,"href":"https:\/\/blogs.eldiariomontanes.es\/acapella\/wp-json\/wp\/v2\/categories?post=77"},{"taxonomy":"post_tag","embeddable":true,"href":"https:\/\/blogs.eldiariomontanes.es\/acapella\/wp-json\/wp\/v2\/tags?post=77"}],"curies":[{"name":"wp","href":"https:\/\/api.w.org\/{rel}","templated":true}]}}