{"id":480,"date":"2017-03-20T14:12:19","date_gmt":"2017-03-20T14:12:19","guid":{"rendered":"http:\/\/blogs.eldiariomontanes.es\/acapella\/?p=480"},"modified":"2017-03-20T14:12:19","modified_gmt":"2017-03-20T14:12:19","slug":"psoe-nostalgia-de-los-buenos-tiempos","status":"publish","type":"post","link":"https:\/\/blogs.eldiariomontanes.es\/acapella\/2017\/03\/20\/psoe-nostalgia-de-los-buenos-tiempos\/","title":{"rendered":"PSOE: Nostalgia de los buenos tiempos"},"content":{"rendered":"<p><a href=\"\/acapella\/wp-content\/uploads\/sites\/14\/2017\/03\/ansola-guerra.jpg\"><img loading=\"lazy\" class=\"aligncenter size-large wp-image-481\" title=\"ansola guerra\" src=\"\/acapella\/wp-content\/uploads\/sites\/14\/2017\/03\/ansola-guerra.jpg\" alt=\"\" width=\"1024\" height=\"274\" srcset=\"https:\/\/static-blogs.eldiariomontanes.es\/wp-content\/uploads\/sites\/14\/2017\/03\/ansola-guerra.jpg 1262w, https:\/\/static-blogs.eldiariomontanes.es\/wp-content\/uploads\/sites\/14\/2017\/03\/ansola-guerra-300x80.jpg 300w, https:\/\/static-blogs.eldiariomontanes.es\/wp-content\/uploads\/sites\/14\/2017\/03\/ansola-guerra-768x206.jpg 768w, https:\/\/static-blogs.eldiariomontanes.es\/wp-content\/uploads\/sites\/14\/2017\/03\/ansola-guerra-1024x274.jpg 1024w\" sizes=\"(max-width: 1024px) 100vw, 1024px\" \/><\/a><\/p>\n<p>Noche de nostalgias socialistas en torno a Alfonso Guerra. \u00c9l mismo en su evocaci\u00f3n laudatoria de las misiones pedag\u00f3gicas de la II Rep\u00fablica y tambi\u00e9n entre los hist\u00f3ricos dirigentes c\u00e1ntabros \u2013Jaime Blanco, Rosa In\u00e9s Garc\u00eda, Jes\u00fas Cabez\u00f3n, Dolores Gorostiaga\u2026- que le acompa\u00f1aron en la multitudinaria conferencia que dej\u00f3 peque\u00f1o el Ateneo santanderino y en la m\u00e1s restringida cena posterior. Flotaba en el ambiente la a\u00f1oranza de los buenos viejos tiempos cuando el t\u00e1ndem sevillano que formaban Felipe Gonz\u00e1lez y Alfonso Guerra lider\u00f3, hace 35 a\u00f1os, el cambio pol\u00edtico que dio paso a un largo ciclo de poder. Aquellas mayor\u00edas de hasta 202 diputados en el Congreso. Cuando el PSOE ganaba las elecciones generales en Cantabria y ten\u00eda hasta 16 esca\u00f1os en el Parlamento regional.<\/p>\n<p>Desde luego, la melancol\u00eda es comprensible desde la coyuntura actual, con el partido desangr\u00e1ndose en una crisis sin precedentes. Con Pedro S\u00e1nchez al frente se qued\u00f3 en diciembre de 2015 en 90 esca\u00f1os, luego los rebaj\u00f3 a 85 en junio, y con todo, ahora tiene serias posibilidades de recuperar el liderazgo. Entre las an\u00e9cdotas y recuerdos de una cena muy animada, con Eva D\u00edaz Tezanos y Ram\u00f3n Ruiz al lado del protagonista, y enfrente Pedro Casares con una pulsera de apoyo a S\u00e1nchez que seguramente no le pas\u00f3 desapercibida, Alfonso Guerra lanz\u00f3 un brindis muy expresivo: \u2018Por un futuro de locos, pero que no sean los nuestros\u2019.<\/p>\n<p>A Guerra, a toda la \u2018vieja guardia\u2019 del PSOE \u2013a la que se ha sumado Rodr\u00edguez Zapatero- y al aparato del partido les aterroriza la idea de que Pedro S\u00e1nchez pueda recobrar el mando del que fue desalojado en el \u2018cuartelazo\u2019 de octubre. Por eso han recibido con alivio la anhelada confirmaci\u00f3n de que Susana D\u00edaz estar\u00e1 en la pelea, otra sevillana como estandarte de las esencias del PSOE, sin querencias podemitas ni ambig\u00fcedades sobre la unidad territorial de Espa\u00f1a.<\/p>\n<p>A D\u00edaz le ha costado dar el paso. Dicen sus afines que estaba dejando desgastarse a sus rivales, Patxi L\u00f3pez y Pedro S\u00e1nchez, candidatos ya desde hace semanas, y que deb\u00eda conciliar sus tiempos de partido con las obligaciones en la Junta de Andaluc\u00eda, pero sonaba tambi\u00e9n como si tuviera algo de miedo a la derrota. Los propios y los ajenos coinciden en que es la que m\u00e1s tiene que perder en esta pugna.<\/p>\n<p>Hasta ahora, los partidarios de Pedro S\u00e1nchez han sido los m\u00e1s visibles y numerosos en Cantabria. Encabezaron la recogida de m\u00e1s de 500 firmas para reclamar la convocatoria urgente de las primarias y el congreso y han organizado actos concurridos con personajes de su cuerda \u2013Adriana Lastra, Od\u00f3n Elorza, la exmilitar Zaida Cantera est\u00e1 tambi\u00e9n en la agenda- como pr\u00f3logo a la visita del propio S\u00e1nchez en abril. No obstante, tambi\u00e9n hay quienes opinan que el \u2018souffl\u00e9\u2019 sanchista ya ha empezado a perder volumen.<\/p>\n<p>En la batalla interna se constata una vez m\u00e1s una dicotom\u00eda cl\u00e1sica en el PSOE, observa un veterano dirigente. El conjunto de los militantes maneja planteamientos m\u00e1s radicales, m\u00e1s de izquierda, que quienes controlan el partido, siempre m\u00e1s proclives a la moderaci\u00f3n. O sea, las bases de Pedro S\u00e1nchez con el \u2018No al PP\u2019 por \u00fanica bandera frente a la fuerza del aparato en apoyo de la m\u00e1s flexible Susana D\u00edaz. Tambi\u00e9n entra en liza Patxi L\u00f3pez, y cada vez se extiende m\u00e1s la creencia de que llegar\u00e1 hasta el final, pero no se le concede otro papel que el de \u00e1rbitro entre los otros dos candidatos, con aparente ventaja para la presidenta andaluza.<\/p>\n<p>Frente a la tremenda bronca instalada en las \u00faltimas semanas en el seno del PP, los socialistas c\u00e1ntabros guardan las formas. Al menos de momento. En el Ayuntamiento de Santander, por ejemplo, tienen cinco concejales y est\u00e1n representadas las tres sensibilidades, pero funciona con cierta naturalidad un pacto de no agresi\u00f3n.<\/p>\n<p>Otro tanto sucede en la amplia ejecutiva regional. La c\u00fapula del partido se mantiene oficialmente neutral, aunque entre sus miembros predomina la idea de que si bien en la regi\u00f3n Pedro S\u00e1nchez puede reunir m\u00e1s apoyos, en el conjunto de Espa\u00f1a tiene m\u00e1s posibilidades Susana D\u00edaz.<\/p>\n<p>La confirmaci\u00f3n de D\u00edaz se ha demorado m\u00e1s de la cuenta, pero lo cierto es que en cuesti\u00f3n de horas su equipo ha desplegado una potente movilizaci\u00f3n en los medios y en las redes sociales. En sus filas se juntan la gestora, todo el aparato del partido de Despe\u00f1aperros hacia abajo, barones y personalidades de la vieja guardia, los poderes f\u00e1cticos\u2026 y hasta el PP, en la medida que pueda contribuir a la causa. Con Pedro S\u00e1nchez en el liderazgo socialista, Rajoy tendr\u00e1 que manejar m\u00e1s temprano que tarde la opci\u00f3n de unas nuevas elecciones con su inevitable carga de incertidumbre. Puede lograr una victoria a\u00fan m\u00e1s rotunda, pero tambi\u00e9n pudiera ser que a S\u00e1nchez, a la tercera, le salgan las cuentas para llegar a La Moncloa con todas las cesiones que le exijan Podemos y los independentistas. Con este panorama se entiende bien que a los viejos socialistas de Guerra y de Felipe no les llegue la camisa al cuerpo.<\/p>\n<p>&nbsp;<\/p>\n<!-- AddThis Advanced Settings generic via filter on the_content --><!-- AddThis Share Buttons generic via filter on the_content -->","protected":false},"excerpt":{"rendered":"<p>Noche de nostalgias socialistas en torno a Alfonso Guerra. \u00c9l mismo en su evocaci\u00f3n laudatoria de las misiones pedag\u00f3gicas de la II Rep\u00fablica y tambi\u00e9n entre los hist\u00f3ricos dirigentes c\u00e1ntabros \u2013Jaime Blanco, Rosa In\u00e9s Garc\u00eda, Jes\u00fas Cabez\u00f3n, Dolores Gorostiaga\u2026- que le acompa\u00f1aron en la multitudinaria conferencia que dej\u00f3 peque\u00f1o el Ateneo santanderino y en la [&hellip;]<!-- AddThis Advanced Settings generic via filter on get_the_excerpt --><!-- AddThis Share Buttons generic via filter on get_the_excerpt --><\/p>\n","protected":false},"author":17,"featured_media":0,"comment_status":"open","ping_status":"open","sticky":false,"template":"","format":"standard","meta":[],"categories":[2],"tags":[],"_links":{"self":[{"href":"https:\/\/blogs.eldiariomontanes.es\/acapella\/wp-json\/wp\/v2\/posts\/480"}],"collection":[{"href":"https:\/\/blogs.eldiariomontanes.es\/acapella\/wp-json\/wp\/v2\/posts"}],"about":[{"href":"https:\/\/blogs.eldiariomontanes.es\/acapella\/wp-json\/wp\/v2\/types\/post"}],"author":[{"embeddable":true,"href":"https:\/\/blogs.eldiariomontanes.es\/acapella\/wp-json\/wp\/v2\/users\/17"}],"replies":[{"embeddable":true,"href":"https:\/\/blogs.eldiariomontanes.es\/acapella\/wp-json\/wp\/v2\/comments?post=480"}],"version-history":[{"count":0,"href":"https:\/\/blogs.eldiariomontanes.es\/acapella\/wp-json\/wp\/v2\/posts\/480\/revisions"}],"wp:attachment":[{"href":"https:\/\/blogs.eldiariomontanes.es\/acapella\/wp-json\/wp\/v2\/media?parent=480"}],"wp:term":[{"taxonomy":"category","embeddable":true,"href":"https:\/\/blogs.eldiariomontanes.es\/acapella\/wp-json\/wp\/v2\/categories?post=480"},{"taxonomy":"post_tag","embeddable":true,"href":"https:\/\/blogs.eldiariomontanes.es\/acapella\/wp-json\/wp\/v2\/tags?post=480"}],"curies":[{"name":"wp","href":"https:\/\/api.w.org\/{rel}","templated":true}]}}