{"id":465,"date":"2017-02-27T09:49:57","date_gmt":"2017-02-27T09:49:57","guid":{"rendered":"http:\/\/blogs.eldiariomontanes.es\/acapella\/?p=465"},"modified":"2017-02-27T09:49:57","modified_gmt":"2017-02-27T09:49:57","slug":"el-pp-se-vuelca-en-un-debate-destructivo","status":"publish","type":"post","link":"https:\/\/blogs.eldiariomontanes.es\/acapella\/2017\/02\/27\/el-pp-se-vuelca-en-un-debate-destructivo\/","title":{"rendered":"El PP se vuelca en un debate destructivo"},"content":{"rendered":"<p><a href=\"\/acapella\/wp-content\/uploads\/sites\/14\/2017\/02\/ansola3.jpg\"><img loading=\"lazy\" class=\"aligncenter  wp-image-466\" title=\"A1-58743729.jpg\" src=\"\/acapella\/wp-content\/uploads\/sites\/14\/2017\/02\/ansola3.jpg\" alt=\"\" width=\"1091\" height=\"292\" srcset=\"https:\/\/static-blogs.eldiariomontanes.es\/wp-content\/uploads\/sites\/14\/2017\/02\/ansola3.jpg 2958w, https:\/\/static-blogs.eldiariomontanes.es\/wp-content\/uploads\/sites\/14\/2017\/02\/ansola3-300x80.jpg 300w, https:\/\/static-blogs.eldiariomontanes.es\/wp-content\/uploads\/sites\/14\/2017\/02\/ansola3-768x206.jpg 768w, https:\/\/static-blogs.eldiariomontanes.es\/wp-content\/uploads\/sites\/14\/2017\/02\/ansola3-1024x274.jpg 1024w\" sizes=\"(max-width: 1091px) 100vw, 1091px\" \/><\/a><\/p>\n<p>Miguel \u00c1ngel Revilla llega al Parlamento y dice con retranca que, por una vez, est\u00e1 encantado de pasar desapercibido ante el tropel de periodistas que esperan a que Ignacio Diego y Mar\u00eda Jos\u00e9 S\u00e1enz de Buruaga regresen de la terapia de integraci\u00f3n que les han recetado sin mucho \u00e9xito en la calle G\u00e9nova de Madrid. A Eva D\u00edaz Tezanos y a los socialistas, en general, se les escapa media sonrisa, entre ir\u00f3nica y comprensiva, por la tremenda bronca instalada en el PP de Cantabria en las v\u00edsperas del congreso regional.<br \/>\n\u00abPor una vez no somos nosotros, que sepan lo que es bueno\u00bb, dice la gente del PSOE de Cantabria antes de que se desate su propia pugna por el liderazgo en el \u00e1mbito federal. Ellos est\u00e1n bien curtidos en una guerra de tres d\u00e9cadas entre oficialistas y cr\u00edticos, que han ido cambiando peri\u00f3dicamente los papeles, y acostumbrados al ruido interno. Pero las famosas \u2018paredes de cristal\u2019 del PSOE, que dejan entrever el espect\u00e1culo, son casi una broma en comparaci\u00f3n con la reyerta sin cuartel de estos d\u00edas en el PP, retransmitida en directo y amplificada por las redes sociales.<br \/>\nLos dirigentes del PP, todos diputados regionales en el Parlamento, han entrado en batalla con tanta furia que no les queda tiempo para otra cosa. No, desde luego, para la funci\u00f3n que les corresponde como primer partido de la oposici\u00f3n. Nunca han estado muy activos en esta legislatura, pero no hab\u00edan llegado tan lejos como en el debate de los Presupuestos 2017, el m\u00e1s importante del a\u00f1o. Ajenos sin pudor a lo que acontec\u00eda en la C\u00e1mara para centrarse en el marcaje al compa\u00f1ero convertido en enemigo y en la pr\u00f3xima jugarreta.<br \/>\nEl discurso popular sobre las cuentas del Ejecutivo ha sido menos incisivo que nunca, acaso para ahorrarse alguna alusi\u00f3n hiriente de los adversarios sobre el conflicto que les aqueja. En efecto, c\u00f3mo insistir en la cr\u00edtica de que PRC y PSOE forman dos Gobiernos en uno \u2013lo que resulta evidente tantas veces\u2013 sin recibir la r\u00e9plica de que el PP es un partido dividido en dos.<br \/>\nEl debate interno en el PP en las v\u00edsperas del proceso congresual es destructivo, abundante en las descalificaciones, orientado a la supervivencia pol\u00edtica y a las expectativas de cada cual. No aparece por el momento un an\u00e1lisis de los errores que condujeron al descalabro y la p\u00e9rdida de poder en las elecciones auton\u00f3micas y municipales de mayo de 2015, y a la desmovilizaci\u00f3n que el partido arrastra desde entonces. Tampoco hay una discusi\u00f3n de fondo sobre los planes para la revitalizaci\u00f3n de las siglas y del liderazgo para afrontar con alguna garant\u00eda la pr\u00f3xima cita con las urnas dentro de dos a\u00f1os. Todo lo m\u00e1s, se intuye la defensa de la pol\u00edtica de confrontaci\u00f3n, el PP solo contra todos, que ha caracterizado el mandato de Diego y la flexibilizaci\u00f3n hacia los pactos con otras formaciones que propone S\u00e1enz de Buruaga en un nuevo escenario pol\u00edtico.<br \/>\nEl presidente se maneja bien en el campo embarrado del conflicto partidario, publicita las adhesiones que viene recibiendo y hasta ha fichado a quien primero hab\u00eda reclamado la renovaci\u00f3n del partido, el exalcalde de Riotuerto, \u00c1ngel Cuadrado. Pero Diego no ofrece argumentos consistentes para su continuidad. Es m\u00e1s, \u00e9l estaba dispuesto a ceder el testigo si se le daba una salida airosa y capacidad de influencia en el futuro; como no se lo garantizan, intenta quedarse al mando. Es decir, la vida y el futuro del partido han de orbitar en torno a su situaci\u00f3n pol\u00edtica y personal.<br \/>\nEn el grupo de S\u00e1enz de Buruaga, que hasta ahora ha sido m\u00e1s prudente en su estrategia medi\u00e1tica, se han echado a faltar m\u00e1s voces que expliquen el cambio que postulan y por qu\u00e9 es necesario el relevo de quien ha sido su jefe indiscutido. Hasta la fecha, Ildefonso Calder\u00f3n ha sido uno de los m\u00e1s contundentes en la defensa de un nuevo rumbo con otro liderazgo y su pronunciamiento le ha costado la dura reprobaci\u00f3n del otro bando. A Calder\u00f3n no se le olvida, naturalmente, que el acoso de su partido a Francisco Javier L\u00f3pez Marcano est\u00e1 en el origen de la moci\u00f3n de censura que le arrebat\u00f3 la Alcald\u00eda de Torrelavega, en su d\u00eda una gran conquista para el PP.<br \/>\nEn el equipo de Buruaga han esperado como agua de mayo el aliento de \u00cd\u00f1igo de la Serna, que ya hab\u00eda escenificado su apoyo a la causa renovadora durante el reciente congreso nacional del PP y que ha vuelto a hacerlo este fin de semana y de forma a\u00fan mas contundente. No todos los d\u00edas un ministro del Gobierno pide el relevo del presidente regional de su partido. El ministro de Fomento ha estado permanentemente conectado con G\u00e9nova, mientras la c\u00fapula nacional llevaba a cabo su ronda de consultas con los dirigentes de Cantabria, en pos de una candidatura de integraci\u00f3n que se vislumbra m\u00e1s que complicada.<br \/>\nLa fractura del PP de Cantabria en todas sus estructuras, larvada por el aplazamiento del inevitable debate sobre su liderazgo resulta escalofriante si se trata de rearmar al partido cuando est\u00e1 a punto de cumplirse el ecuador de la legislatura. No es extra\u00f1o que los adversarios del PRC y del PSOE se muestren tan sonrientes.<\/p>\n<!-- AddThis Advanced Settings generic via filter on the_content --><!-- AddThis Share Buttons generic via filter on the_content -->","protected":false},"excerpt":{"rendered":"<p>Miguel \u00c1ngel Revilla llega al Parlamento y dice con retranca que, por una vez, est\u00e1 encantado de pasar desapercibido ante el tropel de periodistas que esperan a que Ignacio Diego y Mar\u00eda Jos\u00e9 S\u00e1enz de Buruaga regresen de la terapia de integraci\u00f3n que les han recetado sin mucho \u00e9xito en la calle G\u00e9nova de Madrid. [&hellip;]<!-- AddThis Advanced Settings generic via filter on get_the_excerpt --><!-- AddThis Share Buttons generic via filter on get_the_excerpt --><\/p>\n","protected":false},"author":17,"featured_media":0,"comment_status":"open","ping_status":"open","sticky":false,"template":"","format":"standard","meta":[],"categories":[2],"tags":[],"_links":{"self":[{"href":"https:\/\/blogs.eldiariomontanes.es\/acapella\/wp-json\/wp\/v2\/posts\/465"}],"collection":[{"href":"https:\/\/blogs.eldiariomontanes.es\/acapella\/wp-json\/wp\/v2\/posts"}],"about":[{"href":"https:\/\/blogs.eldiariomontanes.es\/acapella\/wp-json\/wp\/v2\/types\/post"}],"author":[{"embeddable":true,"href":"https:\/\/blogs.eldiariomontanes.es\/acapella\/wp-json\/wp\/v2\/users\/17"}],"replies":[{"embeddable":true,"href":"https:\/\/blogs.eldiariomontanes.es\/acapella\/wp-json\/wp\/v2\/comments?post=465"}],"version-history":[{"count":0,"href":"https:\/\/blogs.eldiariomontanes.es\/acapella\/wp-json\/wp\/v2\/posts\/465\/revisions"}],"wp:attachment":[{"href":"https:\/\/blogs.eldiariomontanes.es\/acapella\/wp-json\/wp\/v2\/media?parent=465"}],"wp:term":[{"taxonomy":"category","embeddable":true,"href":"https:\/\/blogs.eldiariomontanes.es\/acapella\/wp-json\/wp\/v2\/categories?post=465"},{"taxonomy":"post_tag","embeddable":true,"href":"https:\/\/blogs.eldiariomontanes.es\/acapella\/wp-json\/wp\/v2\/tags?post=465"}],"curies":[{"name":"wp","href":"https:\/\/api.w.org\/{rel}","templated":true}]}}