{"id":454,"date":"2017-02-06T09:33:25","date_gmt":"2017-02-06T09:33:25","guid":{"rendered":"http:\/\/blogs.eldiariomontanes.es\/acapella\/?p=454"},"modified":"2017-02-06T09:33:25","modified_gmt":"2017-02-06T09:33:25","slug":"todos-mirando-a-madrid","status":"publish","type":"post","link":"https:\/\/blogs.eldiariomontanes.es\/acapella\/2017\/02\/06\/todos-mirando-a-madrid\/","title":{"rendered":"Todos mirando a Madrid"},"content":{"rendered":"<p><a href=\"\/acapella\/wp-content\/uploads\/sites\/14\/2017\/02\/ansola.jpg\"><img loading=\"lazy\" class=\"aligncenter  wp-image-455\" title=\"A1-58237636.jpg\" src=\"\/acapella\/wp-content\/uploads\/sites\/14\/2017\/02\/ansola.jpg\" alt=\"\" width=\"853\" height=\"228\" srcset=\"https:\/\/static-blogs.eldiariomontanes.es\/wp-content\/uploads\/sites\/14\/2017\/02\/ansola.jpg 2958w, https:\/\/static-blogs.eldiariomontanes.es\/wp-content\/uploads\/sites\/14\/2017\/02\/ansola-300x80.jpg 300w, https:\/\/static-blogs.eldiariomontanes.es\/wp-content\/uploads\/sites\/14\/2017\/02\/ansola-768x206.jpg 768w, https:\/\/static-blogs.eldiariomontanes.es\/wp-content\/uploads\/sites\/14\/2017\/02\/ansola-1024x274.jpg 1024w\" sizes=\"(max-width: 853px) 100vw, 853px\" \/><\/a><\/p>\n<p>E l Parlamento de Cantabria ha celebrado esta semana con su pompa y circunstancia el 35 aniversario del Estatuto de Autonom\u00eda, el hito que se\u00f1ala el inicio de la larga traves\u00eda del autogobierno, que algunos consideran culminada y otros le asignan un largo trecho por delante, mediante una ambiciosa reforma estatutaria. Pero fuera de ese debate te\u00f3rico y del boato conmemorativo, la pol\u00edtica c\u00e1ntabra, sus partidos, siguen, hoy como ayer, muy pendientes de lo que se decide en Madrid. Primero fueron los diez meses de inestabilidad y par\u00e1lisis antes de que Mariano Rajoy pudiese formar Gobierno los que distrajeron la atenci\u00f3n de los problemas dom\u00e9sticos. Ahora se gastan casi todas las energ\u00edas en las batallas partidarias que tienen su epicentro en la capital de Espa\u00f1a.<br \/>\nCuatro de los cinco partidos representados en la C\u00e1mara est\u00e1n inmersos en procesos congresuales. Este fin de semana ha sido el de Ciudadanos con Albert Rivera ya reelegido frente a dos rivales sin peso. El siguiente, el de Podemos, con la guerra entre los clanes de Pablo Iglesias e \u00cd\u00f1igo Errej\u00f3n, y tambi\u00e9n el del PP, con la tranquila aclamaci\u00f3n de Rajoy. Todo lo contrario del c\u00f3nclave c\u00e1ntabro del 25 de marzo para el que ya se han desatado las hostilidades entre continuistas y renovadores. En el PSOE, que maneja plazos m\u00e1s amplios, es al rev\u00e9s: una incierta batalla federal entre Patxi L\u00f3pez, Pedro S\u00e1nchez y, se supone, Susana D\u00edaz, mientras en Cantabria Eva D\u00edaz Tezanos no tiene competencia. La excepci\u00f3n a tanto traj\u00edn es el PRC, que reserva su congreso para el a\u00f1o preelectoral de 2018 sin otro factor variable que la disponibilidad de su veterano l\u00edder, Miguel \u00c1ngel Revilla.<br \/>\nLa agitaci\u00f3n interna se deja notar en la actividad parlamentaria. Fuera de la tramitaci\u00f3n de los Presupuestos de 2017, en realidad ya resueltos con el apoyo de Ciudadanos al Gobierno y el rechazo a las enmiendas a la totalidad de PP y Podemos, lo que prima son los asuntos internos. Las sesiones plenarias de los lunes se suspenden, directamente por los congresos en Madrid o bajo la coartada de preparar el debate presupuestario de las enmiendas redactadas a u\u00f1a de caballo para llegar a tiempo. Los plenos que se mantienen se rellenan con unos pocos temas de saldo para despachar en un ratito. La comisi\u00f3n de investigaci\u00f3n de Ecomasa-Nestor Martin est\u00e1 parada para no hacer ruido y la de Valdecilla ni siquiera ha comenzado.<br \/>\nEl PP y Ciudadanos hasta le han \u2018perdonado\u2019 a Revilla la comparecencia mensual en el Parlamento para dar cuenta de su gesti\u00f3n al frente del Gobierno. As\u00ed que Podemos asume en solitario la funci\u00f3n inquisidora sobre el presidente que ayud\u00f3 a investir. Del aprobado en el mes de agosto a la tarea gubernamental del PRC al interrogatorio a Revilla en febrero por su responsabilidad en el clima de corrupci\u00f3n en Cantabria. El reacomodo de Podemos en la oposici\u00f3n pura y dura, tras perder en favor de Ciudadanos el papel de aliado exterior del Ejecutivo bipartito, resulta m\u00e1s veloz que convincente.<br \/>\nEl Ejecutivo regional ha superado el escollo del Presupuesto, pero eso no supone el final de las diferencias entre los socios. PRC y PSOE no bajan la guardia ni un momento. Sin ir m\u00e1s lejos, est\u00e1 pendiente de abordar el impacto del Plan General de Ordenaci\u00f3n Urbana de Santander (PGOU) anulado por el Supremo. Los regionalistas est\u00e1n por mostrar un talante constructivo en Santander. En este caso, el PRC tambi\u00e9n mira a Madrid, concretamente al ministro y exalcalde De la Serna para que a cambio del favor aliente el tren r\u00e1pido y las infraestructuras que reclama Cantabria. Los socialistas, en cambio, se niegan a tales apa\u00f1os en el urbanismo de la capital. A los populares del Ayuntamiento, ni agua.<br \/>\nLa enmienda del PP a la Ley de Acompa\u00f1amiento de los Presupuestos para mitigar los efectos del fallo judicial no va a pasar el corte en el debate parlamentario, en el que el bipartito, y tambi\u00e9n su aliado Ciudadanos, quieren exhibir una cohesi\u00f3n sin fisuras. Pero hay una opci\u00f3n alternativa: el PP puede presentar una proposici\u00f3n de ley espec\u00edfica de modificaci\u00f3n de la Ley del Suelo que propicie una soluci\u00f3n al PGOU. O sea, una iniciativa similar a la que los grupos parlamentarios del Gobierno han registrado para regular la actividad minera y dar cobertura legal al gran proyecto para la explotaci\u00f3n de zinc en el Besaya. Una tramitaci\u00f3n parlamentaria m\u00e1s o menos paralela de ambas propuestas vinculadas al mismo \u00e1mbito, un \u2018cambio de cromos\u2019 de los dos grupos mayoritarios, PP y PRC, para remover obst\u00e1culos en ambos asuntos.<br \/>\nLa f\u00f3rmula est\u00e1 sobre la mesa, aunque nada se ha concretado por el momento. En el Parlamento los tiempos discurren con parsimonia, sobre todo en estos tiempos de congresos. Todo lo contrario que en el vertiginoso mundo de los negocios. El Gobierno regional lo sabe: los que hoy quieren extraer el zinc del Besaya, si encuentran dificultades ma\u00f1ana pueden irse a explotar el cobre de Chile.<\/p>\n<!-- AddThis Advanced Settings generic via filter on the_content --><!-- AddThis Share Buttons generic via filter on the_content -->","protected":false},"excerpt":{"rendered":"<p>E l Parlamento de Cantabria ha celebrado esta semana con su pompa y circunstancia el 35 aniversario del Estatuto de Autonom\u00eda, el hito que se\u00f1ala el inicio de la larga traves\u00eda del autogobierno, que algunos consideran culminada y otros le asignan un largo trecho por delante, mediante una ambiciosa reforma estatutaria. Pero fuera de ese [&hellip;]<!-- AddThis Advanced Settings generic via filter on get_the_excerpt --><!-- AddThis Share Buttons generic via filter on get_the_excerpt --><\/p>\n","protected":false},"author":17,"featured_media":0,"comment_status":"open","ping_status":"open","sticky":false,"template":"","format":"standard","meta":[],"categories":[2],"tags":[],"_links":{"self":[{"href":"https:\/\/blogs.eldiariomontanes.es\/acapella\/wp-json\/wp\/v2\/posts\/454"}],"collection":[{"href":"https:\/\/blogs.eldiariomontanes.es\/acapella\/wp-json\/wp\/v2\/posts"}],"about":[{"href":"https:\/\/blogs.eldiariomontanes.es\/acapella\/wp-json\/wp\/v2\/types\/post"}],"author":[{"embeddable":true,"href":"https:\/\/blogs.eldiariomontanes.es\/acapella\/wp-json\/wp\/v2\/users\/17"}],"replies":[{"embeddable":true,"href":"https:\/\/blogs.eldiariomontanes.es\/acapella\/wp-json\/wp\/v2\/comments?post=454"}],"version-history":[{"count":0,"href":"https:\/\/blogs.eldiariomontanes.es\/acapella\/wp-json\/wp\/v2\/posts\/454\/revisions"}],"wp:attachment":[{"href":"https:\/\/blogs.eldiariomontanes.es\/acapella\/wp-json\/wp\/v2\/media?parent=454"}],"wp:term":[{"taxonomy":"category","embeddable":true,"href":"https:\/\/blogs.eldiariomontanes.es\/acapella\/wp-json\/wp\/v2\/categories?post=454"},{"taxonomy":"post_tag","embeddable":true,"href":"https:\/\/blogs.eldiariomontanes.es\/acapella\/wp-json\/wp\/v2\/tags?post=454"}],"curies":[{"name":"wp","href":"https:\/\/api.w.org\/{rel}","templated":true}]}}