{"id":443,"date":"2017-01-16T09:52:42","date_gmt":"2017-01-16T09:52:42","guid":{"rendered":"http:\/\/blogs.eldiariomontanes.es\/acapella\/?p=443"},"modified":"2017-01-18T14:35:06","modified_gmt":"2017-01-18T14:35:06","slug":"revilla-hace-politica-en-madrid","status":"publish","type":"post","link":"https:\/\/blogs.eldiariomontanes.es\/acapella\/2017\/01\/16\/revilla-hace-politica-en-madrid\/","title":{"rendered":"Revilla hace pol\u00edtica en Madrid"},"content":{"rendered":"<p><a href=\"\/acapella\/wp-content\/uploads\/sites\/14\/2017\/01\/ansola.jpg\"><img loading=\"lazy\" class=\"aligncenter wp-image-444\" title=\"A1-57727525.jpg\" src=\"\/acapella\/wp-content\/uploads\/sites\/14\/2017\/01\/ansola.jpg\" alt=\"\" width=\"872\" height=\"234\" srcset=\"https:\/\/static-blogs.eldiariomontanes.es\/wp-content\/uploads\/sites\/14\/2017\/01\/ansola.jpg 2958w, https:\/\/static-blogs.eldiariomontanes.es\/wp-content\/uploads\/sites\/14\/2017\/01\/ansola-300x80.jpg 300w, https:\/\/static-blogs.eldiariomontanes.es\/wp-content\/uploads\/sites\/14\/2017\/01\/ansola-768x206.jpg 768w, https:\/\/static-blogs.eldiariomontanes.es\/wp-content\/uploads\/sites\/14\/2017\/01\/ansola-1024x274.jpg 1024w\" sizes=\"(max-width: 872px) 100vw, 872px\" \/><\/a><\/p>\n<p>Este martes 17 de enero, en la Conferencia de Presidentes en el Senado, Miguel \u00c1ngel Revilla ser\u00e1 el mayor en edad y el segundo m\u00e1s veterano al mando, tras el castellano-leon\u00e9s Juan Vicente Herrera, de los l\u00edderes regionales convocados por Mariano Rajoy para pasar revista a la Espa\u00f1a de las Autonom\u00edas. Revilla, como jefe del Ejecutivo regional, inici\u00f3 en julio de 2003 el di\u00e1logo con el Gobierno central, presidido entonces por Jos\u00e9 Mar\u00eda Aznar, a quien en un g\u00e9lido encuentro reclam\u00f3 inversiones para el abastecimiento de aguas en la bah\u00eda de Santander y en la comarca oriental, y para impulsar el tren de alta velocidad de Cantabria. En esa visita, y en las posteriores a Jos\u00e9 Luis Rodr\u00edguez Zapatero, cuando Espa\u00f1a jugaba en la Champions y el taxi a La Moncloa iba cargado con anchoas y nada menos que dos AVE en la agenda de reivindicaciones, Revilla comenz\u00f3 a cimentar con su inagotable anecdotario una popularidad luego multiplicada por sus libros y su presencia en las televisiones y en las redes sociales. Ahora, crisis y decepciones por medio, el presidente c\u00e1ntabro vuelve a Madrid para pedir a Rajoy, como sus hom\u00f3logos de otras regiones, un poco m\u00e1s de generosidad por parte del Estado.<br \/>\nEsta ser\u00e1 la VI Conferencia de Presidentes, la quinta para Revilla, desde que en 2004 Zapatero instaur\u00f3 una cumbre que se ha querido vestir como m\u00e1xima expresi\u00f3n institucional del modelo auton\u00f3mico. Los avances, sin embargo, no han sido muy visibles: ni en la cohesi\u00f3n territorial, por las pulsiones independentistas de Catalu\u00f1a y Pa\u00eds Vasco, ni en la idea de transformar el Senado, donde se re\u00fanen precisamente los presidentes, en la verdadera C\u00e1mara auton\u00f3mica.<br \/>\nTampoco en la financiaci\u00f3n auton\u00f3mica, relegada de la \u00faltima conferencia en 2012, la primera convocada por Mariano Rajoy, tras los grandes triunfos electorales del PP del a\u00f1o anterior que le otorgaron el poder en la Administraci\u00f3n del Estado y en once autonom\u00edas, y que estuvo orientada al control del d\u00e9ficit en lo m\u00e1s duro de la crisis. \u00abUn \u00e9xito de la unidad frente a la adversidad\u00bb, la defini\u00f3 Ignacio Diego, entonces presidente del Gobierno de Cantabria.<br \/>\nEn esta pr\u00f3xima conferencia s\u00ed est\u00e1 previsto que se aborde un nuevo modelo de financiaci\u00f3n m\u00e1s favorable a las comunidades, a trav\u00e9s de una comisi\u00f3n de expertos. Durante la larga inestabilidad institucional de 2016, el Gobierno del PP en funciones, con el ministro Montoro a la cabeza, amag\u00f3 con apretar a\u00fan m\u00e1s el cintur\u00f3n a las regiones si el PSOE no se aven\u00eda a facilitar la gobernabilidad y algunos l\u00edderes auton\u00f3micos replicaron con una amenaza de rebeli\u00f3n frente a la distribuci\u00f3n de recursos del Estado.\u00a0 Entre ellos, Revilla, que reiter\u00f3 esa advertencia en todos los actos del \u00faltimo verano.<br \/>\nSin embargo, la investidura de Rajoy, propiciada por la abstenci\u00f3n del PSOE, ha devuelto una cierta normalidad a las relaciones entre el Gobierno central y las comunidades que se plasma en esta VI Conferencia de Presidentes. Tambi\u00e9n Revilla ha modulado sus cr\u00edticas al PP y a su l\u00edder nacional, desde la creencia de que el partido conservador est\u00e1 s\u00f3lidamente instalado en el poder y que al PSOE, su socio en Cantabria del que cada vez est\u00e1 m\u00e1s distanciado, le espera una larga traves\u00eda del desierto. Una reubicaci\u00f3n a favor de corriente previsible en quien se precia de haber sabido pactar, a lo largo del tiempo, con el PP, con el PSOE, con Podemos y ahora con Ciudadanos.<br \/>\nEn el giro de la relaci\u00f3n con Madrid ha resultado clave el nombramiento del nuevo ministro de Fomento, \u00cd\u00f1igo de la Serna, con quien el presidente c\u00e1ntabro ha recobrado la armon\u00eda y el clima de colaboraci\u00f3n. En la c\u00fapula nacional del PP \u2013Rajoy,\u00a0 Soraya S\u00e1enz de Santamar\u00eda, Ana Pastor\u2013 tambi\u00e9n valoran el aporte a la cohesi\u00f3n territorial de Revilla y su proyecci\u00f3n medi\u00e1tica, un l\u00edder regionalista que mantiene siempre un discurso integrador de Espa\u00f1a, frente a las posturas ambiguas u hostiles de los dirigentes vascos y catalanes.<br \/>\nCon Urkullu y Puigdemont ausentes, Revilla ser\u00e1 el cuarto presidente en hablar en la Conferencia conforme al protocolo ordenado por la antig\u00fcedad de los Estatutos de Autonom\u00eda. La financiaci\u00f3n estatal de la atenci\u00f3n a la dependencia y los servicios sociales, el impulso al medio rural para evitar el \u00e9xodo de poblaci\u00f3n, la eliminaci\u00f3n de la tasa de reposici\u00f3n en los servicios b\u00e1sicos, incluidas la protecci\u00f3n civil y las emergencias, centrar\u00e1n algunos de sus mensajes.<br \/>\nLos asuntos concretos de Cantabria quedar\u00e1n para una posterior reuni\u00f3n bilateral para la que Rajoy ya ha mostrado su disposici\u00f3n. La reindustrializaci\u00f3n del Besaya, el dinero de Valdecilla, un mejor precio de la leche para los ganaderos&#8230; Y naturalmente, con el apoyo del ministro De la Serna, el tren r\u00e1pido con Madrid \u2013no tan vertiginoso como el AVE, pero m\u00e1s factible\u2013, que Revilla pidi\u00f3 por primera vez a Aznar hace casi 14 a\u00f1os. El sue\u00f1o con el que quiere culminar una larga carrera pol\u00edtica.<\/p>\n<!-- AddThis Advanced Settings generic via filter on the_content --><!-- AddThis Share Buttons generic via filter on the_content -->","protected":false},"excerpt":{"rendered":"<p>Este martes 17 de enero, en la Conferencia de Presidentes en el Senado, Miguel \u00c1ngel Revilla ser\u00e1 el mayor en edad y el segundo m\u00e1s veterano al mando, tras el castellano-leon\u00e9s Juan Vicente Herrera, de los l\u00edderes regionales convocados por Mariano Rajoy para pasar revista a la Espa\u00f1a de las Autonom\u00edas. Revilla, como jefe del [&hellip;]<!-- AddThis Advanced Settings generic via filter on get_the_excerpt --><!-- AddThis Share Buttons generic via filter on get_the_excerpt --><\/p>\n","protected":false},"author":17,"featured_media":0,"comment_status":"open","ping_status":"open","sticky":false,"template":"","format":"standard","meta":[],"categories":[2],"tags":[],"_links":{"self":[{"href":"https:\/\/blogs.eldiariomontanes.es\/acapella\/wp-json\/wp\/v2\/posts\/443"}],"collection":[{"href":"https:\/\/blogs.eldiariomontanes.es\/acapella\/wp-json\/wp\/v2\/posts"}],"about":[{"href":"https:\/\/blogs.eldiariomontanes.es\/acapella\/wp-json\/wp\/v2\/types\/post"}],"author":[{"embeddable":true,"href":"https:\/\/blogs.eldiariomontanes.es\/acapella\/wp-json\/wp\/v2\/users\/17"}],"replies":[{"embeddable":true,"href":"https:\/\/blogs.eldiariomontanes.es\/acapella\/wp-json\/wp\/v2\/comments?post=443"}],"version-history":[{"count":1,"href":"https:\/\/blogs.eldiariomontanes.es\/acapella\/wp-json\/wp\/v2\/posts\/443\/revisions"}],"predecessor-version":[{"id":446,"href":"https:\/\/blogs.eldiariomontanes.es\/acapella\/wp-json\/wp\/v2\/posts\/443\/revisions\/446"}],"wp:attachment":[{"href":"https:\/\/blogs.eldiariomontanes.es\/acapella\/wp-json\/wp\/v2\/media?parent=443"}],"wp:term":[{"taxonomy":"category","embeddable":true,"href":"https:\/\/blogs.eldiariomontanes.es\/acapella\/wp-json\/wp\/v2\/categories?post=443"},{"taxonomy":"post_tag","embeddable":true,"href":"https:\/\/blogs.eldiariomontanes.es\/acapella\/wp-json\/wp\/v2\/tags?post=443"}],"curies":[{"name":"wp","href":"https:\/\/api.w.org\/{rel}","templated":true}]}}