{"id":434,"date":"2016-12-05T10:20:13","date_gmt":"2016-12-05T10:20:13","guid":{"rendered":"http:\/\/blogs.eldiariomontanes.es\/acapella\/?p=434"},"modified":"2016-12-05T10:20:13","modified_gmt":"2016-12-05T10:20:13","slug":"presupuestos-a-trancas-y-a-barrancas","status":"publish","type":"post","link":"https:\/\/blogs.eldiariomontanes.es\/acapella\/2016\/12\/05\/presupuestos-a-trancas-y-a-barrancas\/","title":{"rendered":"Presupuestos, a trancas y a barrancas"},"content":{"rendered":"<p><a href=\"\/acapella\/wp-content\/uploads\/sites\/14\/2016\/12\/ansola.jpg\"><img loading=\"lazy\" class=\"aligncenter  wp-image-435\" title=\"A1-56907630.jpg\" src=\"\/acapella\/wp-content\/uploads\/sites\/14\/2016\/12\/ansola.jpg\" alt=\"\" width=\"865\" height=\"231\" srcset=\"https:\/\/static-blogs.eldiariomontanes.es\/wp-content\/uploads\/sites\/14\/2016\/12\/ansola.jpg 2958w, https:\/\/static-blogs.eldiariomontanes.es\/wp-content\/uploads\/sites\/14\/2016\/12\/ansola-300x80.jpg 300w, https:\/\/static-blogs.eldiariomontanes.es\/wp-content\/uploads\/sites\/14\/2016\/12\/ansola-768x206.jpg 768w, https:\/\/static-blogs.eldiariomontanes.es\/wp-content\/uploads\/sites\/14\/2016\/12\/ansola-1024x274.jpg 1024w\" sizes=\"(max-width: 865px) 100vw, 865px\" \/><\/a><\/p>\n<p>A trabajar en enero. El Parlamento de Cantabria tendr\u00e1 que alterar su pl\u00e1cida cadencia de trabajo y reposo para habilitar despu\u00e9s de Reyes un periodo extraordinario con objeto de tramitar los Presupuestos de 2017. Una novedad m\u00e1s en un procedimiento en el que todo resulta singular. Primero, los dos partidos que forman el Gobierno montan una buena bronca para repartirse el dinero del a\u00f1o que viene, incluso el que no saben a ciencia cierta si van a disponer, y luego se ponen a buscar un socio exterior que apuntale su precaria mayor\u00eda cuando lleven las cuentas a la C\u00e1mara. La fragilidad pol\u00edtica impone alardes de improvisaci\u00f3n y malabarismos sin parang\u00f3n en los \u00faltimos a\u00f1os, ni con el PP hegem\u00f3nico en la pasada legislatura, ni con la propia coalici\u00f3n PRC\/PSOE de las holgadas mayor\u00edas en las dos anteriores.<br \/>\nMiguel \u00c1ngel Revilla no quer\u00eda de ninguna manera pasar por el trago de que su Gobierno llegase al 1 de enero sin Presupuestos. Pero ya se ha hecho a la idea de que las muchas complejidades del proceso impiden cumplir el plazo. Sus colaboradores le consuelan al recordarle que al ministro Crist\u00f3bal Montoro le pasa otro tanto y ya le ha dicho a todo el mundo \u2013al aliado Ciudadanos, a las comunidades que reclaman un mejor trato financiero, incluso a la vigilante Europa\u2013 que no hay que ponerse nerviosos por prorrogar las cuentas del Estado de este a\u00f1o hasta febrero o marzo.<br \/>\nEl Gobierno regional se propon\u00eda llevar los Presupuestos al Parlamento en tiempo y forma, y con el lote entero: las cuentas cerradas y el pacto parlamentario ya alcanzado con alguno de los grupos peque\u00f1os \u2013Podemos o Ciudadanos\u2013 que propiciase su aprobaci\u00f3n. Pero el arreglo interno entre PRC y PSOE ha costado m\u00e1s tiempo y m\u00e1s alboroto de lo previsto, el aliado externo sigue todav\u00eda en el aire y las cuentas no se pueden presentar en la C\u00e1mara, por si antes es necesario corregirlas para atender alguna exigencia de los diferentes interlocutores y para ajustarlas al nuevo margen de d\u00e9ficit concedido a las comunidades.<br \/>\nEso de entregar los Presupuestos a los grupos parlamentarios \u2013aun con errores, lagunas y correcciones de \u00faltima hora\u2013 antes de registrarlos en la C\u00e1mara tambi\u00e9n es nuevo. Como lo de trasladar la informaci\u00f3n previa a los agentes sociales. Los sindicatos UGT y CC OO tienden a ser comprensivos con este Gobierno que les ha devuelto al calor de la concertaci\u00f3n y de los recursos financieros que lleva aparejados. No as\u00ed la CEOE, al menos su presidente, Lorenzo Vidal de la Pe\u00f1a, cada vez m\u00e1s distante y cr\u00edtico con el Ejecutivo de coalici\u00f3n.<br \/>\nPero lo esencial para el Gobierno PRC\/PSOE es negociar el voto que le falta para salvar las cuentas con Podemos o Ciudadanos, porque del PP lo \u00fanico que puede esperar es una enmienda a la totalidad. Los populares han clamado contra el caos en la tramitaci\u00f3n presupuestaria, el despilfarro en el gasto y la presi\u00f3n fiscal que propone el Ejecutivo regional, al menos hasta que este viernes Rajoy y Montoro han anunciado que tambi\u00e9n subir\u00e1n los impuestos para contener el d\u00e9ficit.<br \/>\nCon Podemos no habr\u00eda muchos problemas para llegar a un acuerdo sobre las grandes cifras presupuestarias. El obst\u00e1culo principal es su hasta ahora innegociable veto al director general de Soderc\u00e1n, Salvador Blanco, de dif\u00edcil arreglo a estas alturas de las hostiles relaciones entre el partido morado y el PSOE.<br \/>\nA los socialistas les parece que ya no hay m\u00e1s alianza posible que la de Ciudadanos. El PRC prefiere a Podemos, pero no ve f\u00e1cil un acuerdo. En Ciudadanos conviven sensibilidades distintas respecto al acuerdo, pero es en todo caso m\u00e1s flexible. Naturalmente, con condiciones, pues rechazan la pol\u00edtica fiscal del Ejecutivo y exigen el retorno de Soderc\u00e1n a la Consejer\u00eda de Industria que maneja el PRC. El PSOE de Eva D\u00edaz Tezanos no est\u00e1 dispuesto a renunciar a su joya m\u00e1s preciada.<br \/>\nEl Gobierno est\u00e1 razonablemente seguro de que sacar\u00e1 adelante los Presupuestos, que quiere llevar al Parlamento esta semana, a ser posible ya con el pacto que garantice su aprobaci\u00f3n. Otra cosa ser\u00e1 c\u00f3mo lo ejecute a lo largo de 2017. No s\u00f3lo el PP, tambi\u00e9n los economistas coinciden en que el documento es extraordinariamente optimista en su previsi\u00f3n de ingresos. Tampoco lo ignoran en el propio Ejecutivo, pues en las tensas negociaciones entre el PRC y el PSOE uno de los aspectos abordados ha sido c\u00f3mo hacer frente a la situaci\u00f3n si determinadas partidas consignadas en el Presupuesto se agotan antes de tiempo.<br \/>\nEfectivamente, eso puede ser un gran problema, pero en el Gobierno han resuelto tirar por la calle del medio, salvar el trance m\u00e1s inmediato y a ver qu\u00e9 pasa despu\u00e9s. Esa idea de no preocuparse in\u00fatilmente por abrir el paraguas antes de que se ponga a llover. Cada d\u00eda tiene su af\u00e1n.<\/p>\n<!-- AddThis Advanced Settings generic via filter on the_content --><!-- AddThis Share Buttons generic via filter on the_content -->","protected":false},"excerpt":{"rendered":"<p>A trabajar en enero. El Parlamento de Cantabria tendr\u00e1 que alterar su pl\u00e1cida cadencia de trabajo y reposo para habilitar despu\u00e9s de Reyes un periodo extraordinario con objeto de tramitar los Presupuestos de 2017. Una novedad m\u00e1s en un procedimiento en el que todo resulta singular. Primero, los dos partidos que forman el Gobierno montan [&hellip;]<!-- AddThis Advanced Settings generic via filter on get_the_excerpt --><!-- AddThis Share Buttons generic via filter on get_the_excerpt --><\/p>\n","protected":false},"author":17,"featured_media":0,"comment_status":"open","ping_status":"open","sticky":false,"template":"","format":"standard","meta":[],"categories":[2],"tags":[],"_links":{"self":[{"href":"https:\/\/blogs.eldiariomontanes.es\/acapella\/wp-json\/wp\/v2\/posts\/434"}],"collection":[{"href":"https:\/\/blogs.eldiariomontanes.es\/acapella\/wp-json\/wp\/v2\/posts"}],"about":[{"href":"https:\/\/blogs.eldiariomontanes.es\/acapella\/wp-json\/wp\/v2\/types\/post"}],"author":[{"embeddable":true,"href":"https:\/\/blogs.eldiariomontanes.es\/acapella\/wp-json\/wp\/v2\/users\/17"}],"replies":[{"embeddable":true,"href":"https:\/\/blogs.eldiariomontanes.es\/acapella\/wp-json\/wp\/v2\/comments?post=434"}],"version-history":[{"count":0,"href":"https:\/\/blogs.eldiariomontanes.es\/acapella\/wp-json\/wp\/v2\/posts\/434\/revisions"}],"wp:attachment":[{"href":"https:\/\/blogs.eldiariomontanes.es\/acapella\/wp-json\/wp\/v2\/media?parent=434"}],"wp:term":[{"taxonomy":"category","embeddable":true,"href":"https:\/\/blogs.eldiariomontanes.es\/acapella\/wp-json\/wp\/v2\/categories?post=434"},{"taxonomy":"post_tag","embeddable":true,"href":"https:\/\/blogs.eldiariomontanes.es\/acapella\/wp-json\/wp\/v2\/tags?post=434"}],"curies":[{"name":"wp","href":"https:\/\/api.w.org\/{rel}","templated":true}]}}