{"id":424,"date":"2016-10-31T09:48:39","date_gmt":"2016-10-31T09:48:39","guid":{"rendered":"http:\/\/blogs.eldiariomontanes.es\/acapella\/?p=424"},"modified":"2016-10-31T09:48:39","modified_gmt":"2016-10-31T09:48:39","slug":"psoe-pedagogia-para-superar-la-crisis","status":"publish","type":"post","link":"https:\/\/blogs.eldiariomontanes.es\/acapella\/2016\/10\/31\/psoe-pedagogia-para-superar-la-crisis\/","title":{"rendered":"PSOE: pedagog\u00eda para superar la crisis"},"content":{"rendered":"<p><a href=\"\/acapella\/wp-content\/uploads\/sites\/14\/2016\/10\/ansola5.jpg\"><img loading=\"lazy\" class=\"aligncenter  wp-image-425\" title=\"A1-56096232.jpg\" src=\"\/acapella\/wp-content\/uploads\/sites\/14\/2016\/10\/ansola5.jpg\" alt=\"\" width=\"879\" height=\"235\" srcset=\"https:\/\/static-blogs.eldiariomontanes.es\/wp-content\/uploads\/sites\/14\/2016\/10\/ansola5.jpg 2958w, https:\/\/static-blogs.eldiariomontanes.es\/wp-content\/uploads\/sites\/14\/2016\/10\/ansola5-300x80.jpg 300w, https:\/\/static-blogs.eldiariomontanes.es\/wp-content\/uploads\/sites\/14\/2016\/10\/ansola5-768x206.jpg 768w, https:\/\/static-blogs.eldiariomontanes.es\/wp-content\/uploads\/sites\/14\/2016\/10\/ansola5-1024x274.jpg 1024w\" sizes=\"(max-width: 879px) 100vw, 879px\" \/><\/a><\/p>\n<p>Ante el decisivo Comit\u00e9 Federal del domingo 23 de octubre que finalmente decidi\u00f3 facilitar la investidura de Mariano Rajoy, Eva D\u00edaz Tezanos apel\u00f3 a la necesidad de aplicarse a la pedagog\u00eda para que el partido supere la m\u00e1s grave crisis de su historia moderna. El da\u00f1o ya es muy profundo, pero el llamamiento sigue siendo pertinente, porque el navajeo y la cerraz\u00f3n, la demagogia y los intereses personales que han primado en los \u00faltimos meses pueden seguir vigentes en el futuro. Pedro S\u00e1nchez ha renunciado ayer a su esca\u00f1o, pero no a la batalla por el liderazgo del partido.<br \/>\nEl primero en lanzarse a hacer pedagog\u00eda ha sido el presidente del PSOE c\u00e1ntabro, \u00c1ngel Agudo, con estr\u00e9pito y sin anestesia. Su art\u00edculo \u2018Razones para la abstenci\u00f3n\u2019 publicado el martes en este peri\u00f3dico (ediciones impresa y digital) defiende la posici\u00f3n opuesta a la de la direcci\u00f3n y al sentir mayoritario del partido que preside.<br \/>\nA decir verdad, no ha sido exactamente una sorpresa porque Agudo es uno de los pocos miembros de la ejecutiva \u2013s\u00f3lo dos o tres de casi treinta\u2013 que en esta crisis ha expresado abiertamente su opini\u00f3n favorable a propiciar la investidura de Rajoy mediante la abstenci\u00f3n. El presidente de los socialistas c\u00e1ntabros ha esperado a que el Comit\u00e9 Federal decidiera el nuevo rumbo para exponer su planteamiento en negro sobre blanco, pero a muchos de sus compa\u00f1eros les sigue pareciendo extempor\u00e1neo el art\u00edculo, cuando el partido en Cantabria est\u00e1 todav\u00eda de \u2018luto\u2019, cuando ha estado \u2018vendiendo\u2019 el \u2018no\u2019 a Rajoy hasta el \u00faltimo momento, hasta que a partir de ahora tenga que adaptarse a la nueva situaci\u00f3n del PP confirmado en el poder.<br \/>\nEn efecto, la mayor parte de los socialistas c\u00e1ntabros ha estado en contra del golpe de fuerza, indecoroso en las formas, mediante el cual la \u2018vieja guardia\u2019 del partido y algunos dirigentes territoriales fulminaron al primer secretario general elegido por los militantes, Pedro S\u00e1nchez. Y despu\u00e9s, ya con la gestora instalada en Ferraz, la ejecutiva regional y todas las agrupaciones han mantenido el dr\u00e1stico \u2018no\u2019 a Rajoy y al PP de la corrupci\u00f3n y los recortes, incluso a sabiendas que el partido finalmente levantar\u00eda el veto.<br \/>\nLo que nunca ha estado claro, ni primero ni despu\u00e9s, era cu\u00e1l era el camino a tomar despu\u00e9s del \u2018no\u2019. \u00bfEra el pacto que vislumbraba S\u00e1nchez y sus escasos 85 esca\u00f1os con Podemos, el adversario ideol\u00f3gico del PSOE, y con los independentistas catalanes, enemigos del modelo constitucional? \u00bfEra esperar a que PP y Ciudadanos llegaran a un acuerdo con el PNV y otros diputados dispersos?<br \/>\n\u00bfEran las terceras elecciones, inciertas en el mejor de los casos, con los riesgos de un subid\u00f3n definitivo del PP y de un \u2018sorpasso\u2019 podemita? \u00bfY con qu\u00e9 candidato? \u00bfDe nuevo con Pedro S\u00e1nchez en el cartel tras sus dos r\u00e9cords negativos de diciembre y junio, y los descalabros de Galicia y Pa\u00eds Vasco? \u00bfCon alguno de los que ahora suenan tambi\u00e9n para el futuro: el joven Madina derrotado por S\u00e1nchez en las primarias, el viejo Borrell que se ha vuelto a poner de moda; Patxi L\u00f3pez, siempre disponible para un roto y para un descosido; Susana D\u00edaz, si se anima a saltar del burladero al ruedo?<br \/>\nLa abstenci\u00f3n para la investidura de Rajoy es una dolorosa herida que tardar\u00e1 en cicatrizar en el sentimiento socialista, pero no es una decisi\u00f3n m\u00e1s arriesgada que otras alternativas. Depender\u00e1 de si el partido logra rehacerse, crecer en la oposici\u00f3n, recuperar espacio ideol\u00f3gico, para presentar batalla a su debido tiempo frente al Gobierno del PP y la amenaza de Podemos por la izquierda.<br \/>\nAgudo abunda en estos y en otros argumentos en su pol\u00e9mico art\u00edculo favorable a la abstenci\u00f3n. Naturalmente tambi\u00e9n se acuerda de Podemos, que estos d\u00edas deplora en alta voz la abstenci\u00f3n socialista como antes se afligi\u00f3 compungido por la ejecuci\u00f3n de Pedro S\u00e1nchez, pero siempre olvid\u00e1ndose cuidadosamente de que en su d\u00eda no quiso hacerle presidente para desalojar a Rajoy.<br \/>\nToca pedagog\u00eda, insiste D\u00edaz Tezanos. La traducci\u00f3n viene a ser: dejar de regodearse en el dolor, mirar al futuro, superar el conflicto y recuperar la cohesi\u00f3n, rearmar al partido en las instituciones y tambi\u00e9n en la calle donde quiere reinar Podemos, potenciar la gesti\u00f3n all\u00ed donde gobierne, como en Cantabria.<br \/>\nFrente a las voces que reclaman primarias y congreso urgentes de los que emerja un nuevo liderazgo, otras m\u00e1s prudentes creen que esa premura solo servir\u00eda para ahondar en el conflicto interno. Es probable que la gestora que encabeza Javier Fern\u00e1ndez decida mantenerse varios meses para intentar calmar los \u00e1nimos y reconstruir los cimientos del viejo edificio socialista. El af\u00e1n de revancha de Pedro S\u00e1nchez complica ese escenario. El congreso federal puede ser en verano y el de Cantabria, en el oto\u00f1o.<\/p>\n<!-- AddThis Advanced Settings generic via filter on the_content --><!-- AddThis Share Buttons generic via filter on the_content -->","protected":false},"excerpt":{"rendered":"<p>Ante el decisivo Comit\u00e9 Federal del domingo 23 de octubre que finalmente decidi\u00f3 facilitar la investidura de Mariano Rajoy, Eva D\u00edaz Tezanos apel\u00f3 a la necesidad de aplicarse a la pedagog\u00eda para que el partido supere la m\u00e1s grave crisis de su historia moderna. El da\u00f1o ya es muy profundo, pero el llamamiento sigue siendo [&hellip;]<!-- AddThis Advanced Settings generic via filter on get_the_excerpt --><!-- AddThis Share Buttons generic via filter on get_the_excerpt --><\/p>\n","protected":false},"author":17,"featured_media":0,"comment_status":"open","ping_status":"open","sticky":false,"template":"","format":"standard","meta":[],"categories":[2],"tags":[],"_links":{"self":[{"href":"https:\/\/blogs.eldiariomontanes.es\/acapella\/wp-json\/wp\/v2\/posts\/424"}],"collection":[{"href":"https:\/\/blogs.eldiariomontanes.es\/acapella\/wp-json\/wp\/v2\/posts"}],"about":[{"href":"https:\/\/blogs.eldiariomontanes.es\/acapella\/wp-json\/wp\/v2\/types\/post"}],"author":[{"embeddable":true,"href":"https:\/\/blogs.eldiariomontanes.es\/acapella\/wp-json\/wp\/v2\/users\/17"}],"replies":[{"embeddable":true,"href":"https:\/\/blogs.eldiariomontanes.es\/acapella\/wp-json\/wp\/v2\/comments?post=424"}],"version-history":[{"count":0,"href":"https:\/\/blogs.eldiariomontanes.es\/acapella\/wp-json\/wp\/v2\/posts\/424\/revisions"}],"wp:attachment":[{"href":"https:\/\/blogs.eldiariomontanes.es\/acapella\/wp-json\/wp\/v2\/media?parent=424"}],"wp:term":[{"taxonomy":"category","embeddable":true,"href":"https:\/\/blogs.eldiariomontanes.es\/acapella\/wp-json\/wp\/v2\/categories?post=424"},{"taxonomy":"post_tag","embeddable":true,"href":"https:\/\/blogs.eldiariomontanes.es\/acapella\/wp-json\/wp\/v2\/tags?post=424"}],"curies":[{"name":"wp","href":"https:\/\/api.w.org\/{rel}","templated":true}]}}