{"id":419,"date":"2016-10-17T08:13:19","date_gmt":"2016-10-17T08:13:19","guid":{"rendered":"http:\/\/blogs.eldiariomontanes.es\/acapella\/?p=419"},"modified":"2016-10-17T08:13:19","modified_gmt":"2016-10-17T08:13:19","slug":"el-prc-mete-presion-en-los-presupuestos","status":"publish","type":"post","link":"https:\/\/blogs.eldiariomontanes.es\/acapella\/2016\/10\/17\/el-prc-mete-presion-en-los-presupuestos\/","title":{"rendered":"El PRC mete presi\u00f3n en los Presupuestos"},"content":{"rendered":"<p><a href=\"\/acapella\/wp-content\/uploads\/sites\/14\/2016\/10\/ansola3.jpg\"><img loading=\"lazy\" class=\"aligncenter  wp-image-420\" title=\"A1-55770753.jpg\" src=\"\/acapella\/wp-content\/uploads\/sites\/14\/2016\/10\/ansola3.jpg\" alt=\"\" width=\"909\" height=\"243\" srcset=\"https:\/\/static-blogs.eldiariomontanes.es\/wp-content\/uploads\/sites\/14\/2016\/10\/ansola3.jpg 2958w, https:\/\/static-blogs.eldiariomontanes.es\/wp-content\/uploads\/sites\/14\/2016\/10\/ansola3-300x80.jpg 300w, https:\/\/static-blogs.eldiariomontanes.es\/wp-content\/uploads\/sites\/14\/2016\/10\/ansola3-768x206.jpg 768w, https:\/\/static-blogs.eldiariomontanes.es\/wp-content\/uploads\/sites\/14\/2016\/10\/ansola3-1024x274.jpg 1024w\" sizes=\"(max-width: 909px) 100vw, 909px\" \/><\/a><\/p>\n<p>Puede que el dinero no d\u00e9 la felicidad, pero, cuanto menos hay, m\u00e1s problemas surgen. Ah\u00ed est\u00e1n cada vez m\u00e1s cerca los Presupuestos de Cantabria para 2017, necesariamente exiguos por la falta de ingresos, pero llenos de conflictos. El Gobierno regional PRC\/PSOE tiene por lo menos tres frentes abiertos: el primero contra el \u2018malvado\u2019 Montoro que desde el Gobierno en funciones aprieta las tuercas sin misericordia, el segundo derivado de la minor\u00eda parlamentaria que le obliga a depender de una alianza externa que este a\u00f1o Podemos ha vuelto m\u00e1s complicada. El tercero alude a la creciente competencia entre los socios del Ejecutivo por el liderazgo pol\u00edtico y tambi\u00e9n por las prioridades y la distribuci\u00f3n de los recursos presupuestarios.<br \/>\nEn esta \u00faltima pugna, el PRC se ha lanzado con br\u00edo a exhibir su capacidad como motor de desarrollo regional con proyectos relevantes como el eje log\u00edstico Santander-Torrelavega a partir de la expansi\u00f3n del Puerto, el Plan Industrial, el A\u00f1o Santo Lebaniego y alg\u00fan otro todav\u00eda por concretar. El despliegue busca tambi\u00e9n amortiguar las dudas extendidas sobre la capacidad de iniciativa del Gobierno Revilla, largo tiempo refugiado en el lamento por el olvido y la enemistad de Madrid.<br \/>\nEn un horizonte amplio, el PRC se propone irradiar la potencia de unas siglas que trasciendan al sello personal de su fundador y l\u00edder hist\u00f3rico, Miguel \u00c1ngel Revilla. En el PRC todos creen o quieren creer que a Revilla, diga lo que diga, le queda recorrido m\u00e1s all\u00e1 de 2019, siempre que la salud le respete y la econom\u00eda regional mejore lo suficiente para reducir la cifra de parados hasta una cifra razonable, por debajo de 30.000.<br \/>\nPero se trata tambi\u00e9n de aguantar el tir\u00f3n cuando llegue el d\u00eda despu\u00e9s de Revilla. Todo un desaf\u00edo. La teor\u00eda regionalista es elemental: ya que el l\u00edder es irrepetible, habr\u00e1 que hacer m\u00e1s grande al partido. Con 100.000 votos consolidados en tres elecciones consecutivas y 12 diputados en la C\u00e1mara, a muy corta distancia del PP, una gran implantaci\u00f3n rural con 40 alcald\u00edas y otras 20 de gobierno compartido con el PSOE, la asignatura pendiente son las grandes \u00e1reas urbanas.<br \/>\nLa c\u00fapula del PRC prepara para el mes que viene una \u2018cumbre\u2019 en Santander con m\u00e1s de 500 dirigentes para lucir los proyectos en cartera, y sobre todo, para hacer una demostraci\u00f3n de fuerza y proyecci\u00f3n hacia el futuro. Tambi\u00e9n frente a su socio en el Gobierno, el PSOE, que justamente atraviesa momentos dif\u00edciles, por la crisis del partido en toda Espa\u00f1a y por el acoso al que le somete Podemos en Cantabria a cuenta del \u2018caso Soderc\u00e1n\u2019.<br \/>\nCon independencia de las estrategias a largo plazo, la efervescencia regionalista tiene tambi\u00e9n un objetivo m\u00e1s inmediato, el de meter presi\u00f3n al PSOE en el tenso tira y afloja que mantienen sobre los Presupuesto de 2017 que, en principio, el Gobierno ha de presentar en el Parlamento antes de que termine octubre. Luego habr\u00e1 tiempo hasta diciembre para negociar el voto que le falta al Ejecutivo en la C\u00e1mara para aprobar las cuentas.<br \/>\nPreservar la \u2018trinidad sagrada\u2019 \u2013sanidad, educaci\u00f3n, atenci\u00f3n a la dependencia\u2013, que corre a cargo de los socialistas, fue la prioridad indiscutida en los primeros Presupuestos de la legislatura. Pero ya no lo es tanto para el PRC, que reclama un margen mayor para su \u00e1rea de gesti\u00f3n en este segundo ejercicio. M\u00e1s a\u00fan, los regionalistas afirman que sin inversi\u00f3n ni proyectos que estimulen el empleo, en definitiva, sin crecimiento econ\u00f3mico, ni siquiera ser\u00e1 posible mantener los servicios b\u00e1sicos mucho tiempo.<br \/>\nO sea, que los regionalistas, como socios mayoritarios de la coalici\u00f3n que sostiene al Gobierno, exigen m\u00e1s cuota. El PSOE admite que si bien administran un 80% de los recursos, casi todo se les va en pagar salarios y servicios, y el PRC responde que si hay dinero para Soderc\u00e1n, para Medio Ambiente y hasta para encargar un mapa de los murci\u00e9lagos en Cantabria, tiene que haberlo tambi\u00e9n para obras p\u00fablicas, industria o turismo.<br \/>\nEl PSOE acusa recibo de la ofensiva regionalista, pero no se deja impresionar demasiado. A los proyectos que el socio \u2018vende\u2019 en exclusiva replica con una ir\u00f3nica bienvenida a su propio programa electoral, como en el caso del futuro centro log\u00edstico. Y a la demanda de m\u00e1s recursos, con la resignada sinceridad de que no hay m\u00e1s cera de la que arde.<br \/>\n\u2018Si quieren m\u00e1s dinero, que se lo pidan a Montoro\u2019, sugiere el PSOE, que predica con el ejemplo. La vicepresidenta y l\u00edder socialista, Eva D\u00edaz Tezanos, y su consejero Juan Jos\u00e9 Sota dirigen estos d\u00edas al ministro de Hacienda el mismo discurso que Revilla ha transitado tantas veces. A ver si tienen m\u00e1s \u00e9xito.<\/p>\n<!-- AddThis Advanced Settings generic via filter on the_content --><!-- AddThis Share Buttons generic via filter on the_content -->","protected":false},"excerpt":{"rendered":"<p>Puede que el dinero no d\u00e9 la felicidad, pero, cuanto menos hay, m\u00e1s problemas surgen. Ah\u00ed est\u00e1n cada vez m\u00e1s cerca los Presupuestos de Cantabria para 2017, necesariamente exiguos por la falta de ingresos, pero llenos de conflictos. El Gobierno regional PRC\/PSOE tiene por lo menos tres frentes abiertos: el primero contra el \u2018malvado\u2019 Montoro [&hellip;]<!-- AddThis Advanced Settings generic via filter on get_the_excerpt --><!-- AddThis Share Buttons generic via filter on get_the_excerpt --><\/p>\n","protected":false},"author":17,"featured_media":0,"comment_status":"open","ping_status":"open","sticky":false,"template":"","format":"standard","meta":[],"categories":[2],"tags":[],"_links":{"self":[{"href":"https:\/\/blogs.eldiariomontanes.es\/acapella\/wp-json\/wp\/v2\/posts\/419"}],"collection":[{"href":"https:\/\/blogs.eldiariomontanes.es\/acapella\/wp-json\/wp\/v2\/posts"}],"about":[{"href":"https:\/\/blogs.eldiariomontanes.es\/acapella\/wp-json\/wp\/v2\/types\/post"}],"author":[{"embeddable":true,"href":"https:\/\/blogs.eldiariomontanes.es\/acapella\/wp-json\/wp\/v2\/users\/17"}],"replies":[{"embeddable":true,"href":"https:\/\/blogs.eldiariomontanes.es\/acapella\/wp-json\/wp\/v2\/comments?post=419"}],"version-history":[{"count":0,"href":"https:\/\/blogs.eldiariomontanes.es\/acapella\/wp-json\/wp\/v2\/posts\/419\/revisions"}],"wp:attachment":[{"href":"https:\/\/blogs.eldiariomontanes.es\/acapella\/wp-json\/wp\/v2\/media?parent=419"}],"wp:term":[{"taxonomy":"category","embeddable":true,"href":"https:\/\/blogs.eldiariomontanes.es\/acapella\/wp-json\/wp\/v2\/categories?post=419"},{"taxonomy":"post_tag","embeddable":true,"href":"https:\/\/blogs.eldiariomontanes.es\/acapella\/wp-json\/wp\/v2\/tags?post=419"}],"curies":[{"name":"wp","href":"https:\/\/api.w.org\/{rel}","templated":true}]}}