{"id":382,"date":"2016-06-16T19:07:17","date_gmt":"2016-06-16T19:07:17","guid":{"rendered":"http:\/\/blogs.eldiariomontanes.es\/acapella\/?p=382"},"modified":"2016-06-16T19:07:17","modified_gmt":"2016-06-16T19:07:17","slug":"las-tres-sensibilidades-de-iu","status":"publish","type":"post","link":"https:\/\/blogs.eldiariomontanes.es\/acapella\/2016\/06\/16\/las-tres-sensibilidades-de-iu\/","title":{"rendered":"Las tres sensibilidades de IU"},"content":{"rendered":"<p>&#8220;Me va a costar votar el 26-J&#8221;, dijo Cayo Lara, el l\u00edder saliente de IU, en el traspaso de poderes a Alberto Garz\u00f3n pocos d\u00edas despu\u00e9s de que la vieja coalici\u00f3n sustanciase su pacto electoral con Podemos. La confesi\u00f3n sugiere el apagado estado de \u00e1nimo bastante generalizado en el \u2018hermano pobre\u2019 de la alianza armada para el asalto a la hegemon\u00eda de la izquierda en Espa\u00f1a.<br \/>\nLas perspectivas son optimistas a diez d\u00edas de la cita con las urnas, y sin embargo, el fervor es un bien escaso entre los dirigentes. En Cantabria ni siquiera se molestan en disimularlo ninguno de los dos socios. Un dato muy ilustrativo: Cayo Lara viene a Cantabria la pr\u00f3xima semana y los responsables de la campa\u00f1a preferir\u00edan que su presencia pasara m\u00e1s bien desapercibida.<br \/>\nLa f\u00f3rmula Unidos Podemos supone un hito para la izquierda radical que el \u00faltimo sondeo del CIS cifra en el 25,6% de los votos y 88-92 esca\u00f1os, un baremo holgadamente superior al del PSOE, 21,2% y 78-80 diputados. Pero el acuerdo electoral no ha terminado con la desconfianza y las rencillas personales e ideol\u00f3gicas que han caracterizado la hist\u00f3rica divisi\u00f3n de la izquierda, sino que le a\u00f1ade la decepci\u00f3n de IU por su exigua presencia\u00a0 en las listas.<br \/>\n\u00abNo, no terminan de engancharse\u00bb, admiten en el aparato de campa\u00f1a, manejado naturalmente por Podemos. Se refieren m\u00e1s a los dirigentes de IU que al electorado de base, al que ve m\u00e1s y mejor integrado en una ofensiva en la que se empieza a ver factible no s\u00f3lo el \u2018sorpasso\u2019 al PSOE sino todo un cambio pol\u00edtico en Espa\u00f1a.<br \/>\nIU quiso situar como n\u00famero dos al Congreso a Sergio Tamayo, uno de sus referentes, y Podemos Cantabria era bastante receptivo, pero Madrid abort\u00f3 el intento. Tamayo fue el cuatro y Mercedes Boix, la dos al Senado. La propia Boix y el ex coordinador general Jorge Crespo tienen presencia en la campa\u00f1a. Los dem\u00e1s dirigentes, entre poco y nada.<br \/>\nEn IU hay b\u00e1sicamente tres grupos: uno reducido que apoya el abrazo a Podemos en busca de futuros individuales, otro m\u00e1s grande que se resigna a un acuerdo inevitable y otro que no traga. El \u2018sorpasso\u2019 al PSOE en Cantabria est\u00e1 a menos de 600 votos, pero lleno de incertidumbre.<\/p>\n<!-- AddThis Advanced Settings generic via filter on the_content --><!-- AddThis Share Buttons generic via filter on the_content -->","protected":false},"excerpt":{"rendered":"<p>&#8220;Me va a costar votar el 26-J&#8221;, dijo Cayo Lara, el l\u00edder saliente de IU, en el traspaso de poderes a Alberto Garz\u00f3n pocos d\u00edas despu\u00e9s de que la vieja coalici\u00f3n sustanciase su pacto electoral con Podemos. La confesi\u00f3n sugiere el apagado estado de \u00e1nimo bastante generalizado en el \u2018hermano pobre\u2019 de la alianza armada [&hellip;]<!-- AddThis Advanced Settings generic via filter on get_the_excerpt --><!-- AddThis Share Buttons generic via filter on get_the_excerpt --><\/p>\n","protected":false},"author":17,"featured_media":0,"comment_status":"open","ping_status":"open","sticky":false,"template":"","format":"standard","meta":[],"categories":[2],"tags":[],"_links":{"self":[{"href":"https:\/\/blogs.eldiariomontanes.es\/acapella\/wp-json\/wp\/v2\/posts\/382"}],"collection":[{"href":"https:\/\/blogs.eldiariomontanes.es\/acapella\/wp-json\/wp\/v2\/posts"}],"about":[{"href":"https:\/\/blogs.eldiariomontanes.es\/acapella\/wp-json\/wp\/v2\/types\/post"}],"author":[{"embeddable":true,"href":"https:\/\/blogs.eldiariomontanes.es\/acapella\/wp-json\/wp\/v2\/users\/17"}],"replies":[{"embeddable":true,"href":"https:\/\/blogs.eldiariomontanes.es\/acapella\/wp-json\/wp\/v2\/comments?post=382"}],"version-history":[{"count":0,"href":"https:\/\/blogs.eldiariomontanes.es\/acapella\/wp-json\/wp\/v2\/posts\/382\/revisions"}],"wp:attachment":[{"href":"https:\/\/blogs.eldiariomontanes.es\/acapella\/wp-json\/wp\/v2\/media?parent=382"}],"wp:term":[{"taxonomy":"category","embeddable":true,"href":"https:\/\/blogs.eldiariomontanes.es\/acapella\/wp-json\/wp\/v2\/categories?post=382"},{"taxonomy":"post_tag","embeddable":true,"href":"https:\/\/blogs.eldiariomontanes.es\/acapella\/wp-json\/wp\/v2\/tags?post=382"}],"curies":[{"name":"wp","href":"https:\/\/api.w.org\/{rel}","templated":true}]}}