{"id":370,"date":"2016-05-17T08:32:15","date_gmt":"2016-05-17T08:32:15","guid":{"rendered":"http:\/\/blogs.eldiariomontanes.es\/acapella\/?p=370"},"modified":"2016-05-17T08:32:15","modified_gmt":"2016-05-17T08:32:15","slug":"el-psoe-firma-el-reparto-del-20-d","status":"publish","type":"post","link":"https:\/\/blogs.eldiariomontanes.es\/acapella\/2016\/05\/17\/el-psoe-firma-el-reparto-del-20-d\/","title":{"rendered":"El PSOE firma el reparto del 20-D"},"content":{"rendered":"<p><a href=\"\/acapella\/wp-content\/uploads\/sites\/14\/2016\/05\/ansola2.jpg\"><img loading=\"lazy\" class=\"aligncenter size-full wp-image-371\" title=\"A1-52161562.jpg\" src=\"\/acapella\/wp-content\/uploads\/sites\/14\/2016\/05\/ansola2.jpg\" alt=\"\" width=\"800\" height=\"214\" srcset=\"https:\/\/static-blogs.eldiariomontanes.es\/wp-content\/uploads\/sites\/14\/2016\/05\/ansola2.jpg 800w, https:\/\/static-blogs.eldiariomontanes.es\/wp-content\/uploads\/sites\/14\/2016\/05\/ansola2-300x80.jpg 300w, https:\/\/static-blogs.eldiariomontanes.es\/wp-content\/uploads\/sites\/14\/2016\/05\/ansola2-768x205.jpg 768w\" sizes=\"(max-width: 800px) 100vw, 800px\" \/><\/a><\/p>\n<p>Todo seguir\u00e1 igual: 2-1-1-1. Este es el pron\u00f3stico realista que en el PSOE de Cantabria se maneja extraoficialmente para el reparto de los cinco esca\u00f1os de Cantabria en el Congreso en las elecciones del 26 de junio. Dos diputados para el PP y uno para PSOE, Podemos y Ciudadanos, el mismo resultado del fallido 20-D. Los socialistas ya han ratificado a los mismos candidatos que entonces y el PP lo har\u00e1 dentro de unos d\u00edas. Mariano Rajoy y Pedro S\u00e1nchez, tras sus mediocres rendimientos electorales, desaf\u00edan a la ciencia y repiten los mismos experimentos con la esperanza de obtener resultados distintos. Tal vez lo consigan esta vez en la negociaci\u00f3n posterior a las urnas, entre ellos o con los nuevos partidos, por voluntad propia o por presiones exteriores, y terminen de una vez con la inestabilidad y el hast\u00edo de los espa\u00f1oles con su clase pol\u00edtica.<br \/>\nLa ejecutiva del PSOE c\u00e1ntabro que lidera Eva D\u00edaz Tezanos ya ha cumplimentado esta semana el tr\u00e1mite de las listas. Puerto Gallego, libre por el momento de los problemas judiciales que arrastra desde su etapa como alcaldesa de Santo\u00f1a, ser\u00e1 de nuevo la n\u00famero uno en el Congreso. En el Senado sigue Miguel \u00c1ngel Gonz\u00e1lez Vega, tan disciplinado que en los proleg\u00f3menos de la negociaci\u00f3n postelectoral hasta fue cedido temporalmente a Democracia y Libertad como gesto de buena voluntad para que los catalanes procedentes de Convergencia tuviesen grupo propio en la C\u00e1mara Alta.<br \/>\nEsta vez no se ha programado la \u2018tormenta\u2019 de nombres propuestos desde el medio centenar largo de agrupaciones locales. Algunos descartes generaron leves turbulencias en los anteriores comicios. Esta vez la designaci\u00f3n ha correspondido exclusivamente a la ejecutiva regional, tal como aprob\u00f3 el Comit\u00e9 Federal.<br \/>\nCon los c\u00f3digos que maneja Ferraz, la continuidad de los candidatos c\u00e1ntabros tiene su l\u00f3gica. Pedro S\u00e1nchez bati\u00f3 el 20-D el r\u00e9cord negativo del PSOE (90 esca\u00f1os frente a los 110 de Alfredo P\u00e9rez Rubalcaba en 2011), luego no fue capaz de armar una mayor\u00eda de gobierno, pero a continuaci\u00f3n ha reunido m\u00e1s avales que el a\u00f1o pasado en unas primarias sin competencia para ser de nuevo aspirante a La Moncloa. O sea, que todo va bien, dadas las circunstancias. Tambi\u00e9n para los candidatos c\u00e1ntabros que al menos fueron capaces de reeditar en diciembre los (malos) resultados de cuatro a\u00f1os atr\u00e1s, un esca\u00f1o en cada c\u00e1mara de las Cortes para Gallego y Gonz\u00e1lez Vega.<br \/>\nEl PSOE se prepara, con Jos\u00e9 Guerrero de nuevo a los mandos, para otra campa\u00f1a ajena a los esquemas habituales. Por ejemplo, en las fechas: de las v\u00edsperas de Navidad al p\u00f3rtico del verano y en medio un semestre de desmoralizante par\u00e1lisis pol\u00edtica. La nueva campa\u00f1a entrar\u00e1 en competencia directa con la Eurocopa de f\u00fatbol que se disputa en Francia, con la consiguiente influencia en la comunicaci\u00f3n de los partidos y en las giras de sus l\u00edderes.<br \/>\nAlgunas ideas b\u00e1sicas: m\u00edtines los justos, austeridad en el gasto propagand\u00edstico y el intenso puerta a puerta de la anterior campa\u00f1a subordinado a una presencia en la calle menos agresiva con un electorado descontento con la clase pol\u00edtica.<br \/>\nEl PSOE ya ha comenzado la movilizaci\u00f3n en el Gobierno regional, en los 20 municipios importantes que gobierna, en los otros 14 en que comparte el mando, y tambi\u00e9n entre las bases.<br \/>\nLa estrategia socialista tiene dos objetivos esenciales: atraer y en su caso rescatar de la abstenci\u00f3n a los electores moderados y fluctuantes en el voto por el que tambi\u00e9n compiten PP y Ciudadanos. Y desde luego, el combate a brazo partido frente al intento de \u2018sorpasso\u2019 de Podemos con IU.<br \/>\nEl 2-1-1-1 del 20-D es una \u2018quiniela\u2019 con muchas posibilidades tambi\u00e9n ahora, con permiso del PP que intentar\u00e1 ganar un tercer esca\u00f1o. El riesgo mayor para el PSOE ser\u00eda perder su \u00fanico puesto en el Senado \u2013los otros tres son del PP\u2013 en favor de sus rivales por la izquierda. La preocupaci\u00f3n es mucho mayor con respecto a los resultados nacionales, que es lo que cuenta esta vez.<br \/>\nA los socialistas c\u00e1ntabros, adheridos sin fisuras a la doctrina oficial de Pedro S\u00e1nchez, les parece una ocurrencia extravagante esa oferta de Podemos de compartir listas al Senado a la que el presidente valenciano Ximo Puig ha prestado o\u00eddos. A ver c\u00f3mo iban a conciliar esa alianza con una campa\u00f1a basada en buena medida en dar mucha \u2018ca\u00f1a\u2019 al partido de Pablo Iglesias.<br \/>\nNada de eso. De momento prefieren confiar en el\u00a0 optimismo de sus expertos: el \u2018sorpasso\u2019 s\u00f3lo tiene posibilidades \u2013no certezas\u2013 en aquellas circunscripciones en las que la suma de Podemos e IU ya super\u00f3 al PSOE en el 20-D y eso en Cantabria no ha pasado, aunque fuese por menos de 600 votos. As\u00ed que los socialistas firmar\u00edan repetir el reparto del 20-D y se tientan la ropa. Despu\u00e9s de verse superados progresiva y ampliamente por el PRC en las sucesivas elecciones auton\u00f3micas, ya no les faltar\u00eda m\u00e1s que una derrota frente a la izquierda radical. A ver si esta vez el socio Revilla les echa una mano en la campa\u00f1a.<\/p>\n<!-- AddThis Advanced Settings generic via filter on the_content --><!-- AddThis Share Buttons generic via filter on the_content -->","protected":false},"excerpt":{"rendered":"<p>Todo seguir\u00e1 igual: 2-1-1-1. Este es el pron\u00f3stico realista que en el PSOE de Cantabria se maneja extraoficialmente para el reparto de los cinco esca\u00f1os de Cantabria en el Congreso en las elecciones del 26 de junio. Dos diputados para el PP y uno para PSOE, Podemos y Ciudadanos, el mismo resultado del fallido 20-D. [&hellip;]<!-- AddThis Advanced Settings generic via filter on get_the_excerpt --><!-- AddThis Share Buttons generic via filter on get_the_excerpt --><\/p>\n","protected":false},"author":17,"featured_media":0,"comment_status":"open","ping_status":"open","sticky":false,"template":"","format":"standard","meta":[],"categories":[2],"tags":[],"_links":{"self":[{"href":"https:\/\/blogs.eldiariomontanes.es\/acapella\/wp-json\/wp\/v2\/posts\/370"}],"collection":[{"href":"https:\/\/blogs.eldiariomontanes.es\/acapella\/wp-json\/wp\/v2\/posts"}],"about":[{"href":"https:\/\/blogs.eldiariomontanes.es\/acapella\/wp-json\/wp\/v2\/types\/post"}],"author":[{"embeddable":true,"href":"https:\/\/blogs.eldiariomontanes.es\/acapella\/wp-json\/wp\/v2\/users\/17"}],"replies":[{"embeddable":true,"href":"https:\/\/blogs.eldiariomontanes.es\/acapella\/wp-json\/wp\/v2\/comments?post=370"}],"version-history":[{"count":0,"href":"https:\/\/blogs.eldiariomontanes.es\/acapella\/wp-json\/wp\/v2\/posts\/370\/revisions"}],"wp:attachment":[{"href":"https:\/\/blogs.eldiariomontanes.es\/acapella\/wp-json\/wp\/v2\/media?parent=370"}],"wp:term":[{"taxonomy":"category","embeddable":true,"href":"https:\/\/blogs.eldiariomontanes.es\/acapella\/wp-json\/wp\/v2\/categories?post=370"},{"taxonomy":"post_tag","embeddable":true,"href":"https:\/\/blogs.eldiariomontanes.es\/acapella\/wp-json\/wp\/v2\/tags?post=370"}],"curies":[{"name":"wp","href":"https:\/\/api.w.org\/{rel}","templated":true}]}}