{"id":35,"date":"2013-05-06T10:49:18","date_gmt":"2013-05-06T10:49:18","guid":{"rendered":"http:\/\/blogs.eldiariomontanes.es\/acapella\/?p=35"},"modified":"2013-05-06T10:49:18","modified_gmt":"2013-05-06T10:49:18","slug":"cantabria-en-obras-para-las-elecciones","status":"publish","type":"post","link":"https:\/\/blogs.eldiariomontanes.es\/acapella\/2013\/05\/06\/cantabria-en-obras-para-las-elecciones\/","title":{"rendered":"Cantabria en obras para las elecciones"},"content":{"rendered":"<p><a href=\"\/acapella\/wp-content\/uploads\/sites\/14\/2013\/05\/ansola.jpg\"><img loading=\"lazy\" class=\"aligncenter  wp-image-37\" title=\"Ansola 5 de mayo de 2013\" src=\"\/acapella\/wp-content\/uploads\/sites\/14\/2013\/05\/ansola.jpg\" alt=\"\" width=\"556\" height=\"148\" srcset=\"https:\/\/static-blogs.eldiariomontanes.es\/wp-content\/uploads\/sites\/14\/2013\/05\/ansola.jpg 800w, https:\/\/static-blogs.eldiariomontanes.es\/wp-content\/uploads\/sites\/14\/2013\/05\/ansola-300x80.jpg 300w, https:\/\/static-blogs.eldiariomontanes.es\/wp-content\/uploads\/sites\/14\/2013\/05\/ansola-768x205.jpg 768w\" sizes=\"(max-width: 556px) 100vw, 556px\" \/><\/a><\/p>\n<p>Ajenos al ruido de la controversia pol\u00edtica que\u00a0 llega sin tregua desde Santander, los despachos de los alcaldes de toda Cantabria ya est\u00e1n atareados haciendo cuentas y proyectos para sacarle el m\u00e1ximo rendimiento al plan de infraestructuras municipales puesto en marcha por el Gobierno de Ignacio Diego. No s\u00f3lo los 58 regidores del PP, naturalmente, sino tambi\u00e9n los 30 del PRC y los 9 del PSOE.\u00a0 Porque a todos ellos les esperan las elecciones en mayo de 2015, as\u00ed que hay que levantar Cantabria en obras desde el a\u00f1o anterior, convencer a los votantes de que sus municipios no est\u00e1n paralizados por la crisis. Los ayuntamientos tendr\u00e1n que pagar el 20% de los proyectos que acometan y adelantar el total de la financiaci\u00f3n, y el Gobierno regional les devolver\u00e1 el 80% en la pr\u00f3xima legislatura, cuando haya dinero. \u2018El que venga detr\u00e1s que arree\u2019 es una regla t\u00e1cita y perdurable, tambi\u00e9n en la pol\u00edtica.<br \/>\nEn efecto, el Ejecutivo de Ignacio Diego se encontraba en una delicada coyuntura: con el presupuesto comprometido en el pago de las obras acometidas por el bipartito PRC\/PSOE y nada de dinero para nuevos proyectos al acercarse ya el ecuador de la legislatura con el PP en el poder y los alcaldes muy nerviosos por el severo recorte al fondo municipal.<br \/>\nEl hambre y las ideas<br \/>\n\u00abDel hambre salen las ideas\u00bb, sentencia Francisco Rodr\u00edguez, consejero de Obras P\u00fablicas e impulsor del plan de infraestructuras municipales cifrado en 64,2 millones de euros, que asegura tener muy trabajado: la gran mayor\u00eda de los ayuntamientos estar\u00e1n en condiciones de ejecutar algunas de sus necesidades prioritarias, el sector productivo de la obra p\u00fablica recibir\u00e1 una considerable inyecci\u00f3n de actividad y hasta el Gobierno que inicie la pr\u00f3xima legislatura podr\u00e1 disponer de algo de dinero en caja, \u00abno como ahora\u00bb.<br \/>\nTan \u2018trabajado\u2019 tiene Rodr\u00edguez el plan que las alegaciones formuladas, por consenso de los tres partidos \u2013PP, PRC y PSOE\u2013 en la Federaci\u00f3n de Municipios de Cantabria (FMC) no le gustan ni un pelo, al menos las esenciales: Por ejemplo: que el Gobierno regional asuma finalmente no el 80% sino el 100% de la financiaci\u00f3n de las obras o que puedan ser incluidos los gastos de redacci\u00f3n de los proyectos. Y una de las \u2018ma\u00f1as\u2019 caracter\u00edsticas de los alcaldes: rebajar el m\u00ednimo de cada proyecto a 20.000 euros, lo cual les permitir\u00eda manejar un proceso restringido de adjudicaci\u00f3n, en vez del concurso de libre concurrencia previsto en el plan para presupuestos superiores a los 50.000 euros.<br \/>\nObra grande, baja del 25%<br \/>\nEn realidad, muchos ayuntamientos que ya est\u00e1n trabajando en el plan \u2013los proyectos deben ser ejecutados entre octubre de este a\u00f1o y diciembre de 2015\u2013 se proponen concentrar las diversas obras en unidades de actuaci\u00f3n m\u00e1s ambiciosas, de mayor presupuesto, con el objeto de ofrecer \u2018paquetes\u2019 m\u00e1s atractivos a las empresas constructoras y as\u00ed obtener de ellas bajas presupuestarias muy importantes, hasta del 25%. No obstante, este planteamiento a veces supone riesgos en la terminaci\u00f3n de la obra o en su precio final.<br \/>\nLos constructores c\u00e1ntabros, los que conservan todav\u00eda algo de \u2018m\u00fasculo\u2019 para mantenerse en actividad, se encuentran a la expectativa. Ya han dicho que no es el plan que esperaban, pero algo es mejor que nada. Los conocedores del sector creen que las empresas de la regi\u00f3n enfrentar\u00e1n en el desarrollo de este plan una seria competencia externa, principalmente del Pa\u00eds Vasco, donde las compa\u00f1\u00edas gozan de mayores facilidades de financiaci\u00f3n.<br \/>\nEl plan de infraestructuras municipales ha sido duramente descalificado por las direcciones de los partidos de la oposici\u00f3n, PRC y PSOE, como una impostura, un \u2018timo de la estampita\u2019 del Gobierno de Ignacio Diego para hacer creer que invierte en la regi\u00f3n, cuando realmente la financiaci\u00f3n \u00edntegra corre a cargo de los municipios, con la vaga promesa de devolver despu\u00e9s el 80% del dinero.<br \/>\nPero frente a la controversia de los partidos, la realidad impone a los alcaldes de todos los partidos la necesidad de mirar por sus municipios, sobre todo cuando se acercan las elecciones. El Gobierno cree que se acoger\u00e1n al plan la mayor\u00eda de los 102 ayuntamientos, que ahora tambi\u00e9n podr\u00e1n dedicar a inversiones el super\u00e1vit que antes era obligado destinar a la amortizaci\u00f3n de deuda.<br \/>\nEl entusiasmo de los alcaldes del PP con el plan es muy variable. \u00cd\u00f1igo de la Serna, alcalde de Santander y presidente de la Federaci\u00f3n Espa\u00f1ola de Municipios y Provincias (FEMP) ve complicada su articulaci\u00f3n. Jos\u00e9 Manuel Igual, alcalde de Arnuero y vicesecretario general del partido, defiende el plan del Gobierno y la corresponsabilidad de los ayuntamientos: \u00abSi tenemos que pagar dos euros de cada diez, haremos las obras que de verdad son necesarias para nuestros municipios\u00bb.<\/p>\n<!-- AddThis Advanced Settings generic via filter on the_content --><!-- AddThis Share Buttons generic via filter on the_content -->","protected":false},"excerpt":{"rendered":"<p>Ajenos al ruido de la controversia pol\u00edtica que\u00a0 llega sin tregua desde Santander, los despachos de los alcaldes de toda Cantabria ya est\u00e1n atareados haciendo cuentas y proyectos para sacarle el m\u00e1ximo rendimiento al plan de infraestructuras municipales puesto en marcha por el Gobierno de Ignacio Diego. No s\u00f3lo los 58 regidores del PP, naturalmente, [&hellip;]<!-- AddThis Advanced Settings generic via filter on get_the_excerpt --><!-- AddThis Share Buttons generic via filter on get_the_excerpt --><\/p>\n","protected":false},"author":17,"featured_media":0,"comment_status":"open","ping_status":"open","sticky":false,"template":"","format":"standard","meta":[],"categories":[2],"tags":[],"_links":{"self":[{"href":"https:\/\/blogs.eldiariomontanes.es\/acapella\/wp-json\/wp\/v2\/posts\/35"}],"collection":[{"href":"https:\/\/blogs.eldiariomontanes.es\/acapella\/wp-json\/wp\/v2\/posts"}],"about":[{"href":"https:\/\/blogs.eldiariomontanes.es\/acapella\/wp-json\/wp\/v2\/types\/post"}],"author":[{"embeddable":true,"href":"https:\/\/blogs.eldiariomontanes.es\/acapella\/wp-json\/wp\/v2\/users\/17"}],"replies":[{"embeddable":true,"href":"https:\/\/blogs.eldiariomontanes.es\/acapella\/wp-json\/wp\/v2\/comments?post=35"}],"version-history":[{"count":0,"href":"https:\/\/blogs.eldiariomontanes.es\/acapella\/wp-json\/wp\/v2\/posts\/35\/revisions"}],"wp:attachment":[{"href":"https:\/\/blogs.eldiariomontanes.es\/acapella\/wp-json\/wp\/v2\/media?parent=35"}],"wp:term":[{"taxonomy":"category","embeddable":true,"href":"https:\/\/blogs.eldiariomontanes.es\/acapella\/wp-json\/wp\/v2\/categories?post=35"},{"taxonomy":"post_tag","embeddable":true,"href":"https:\/\/blogs.eldiariomontanes.es\/acapella\/wp-json\/wp\/v2\/tags?post=35"}],"curies":[{"name":"wp","href":"https:\/\/api.w.org\/{rel}","templated":true}]}}