{"id":178,"date":"2014-06-16T08:50:08","date_gmt":"2014-06-16T08:50:08","guid":{"rendered":"http:\/\/blogs.eldiariomontanes.es\/acapella\/?p=178"},"modified":"2014-06-16T08:50:08","modified_gmt":"2014-06-16T08:50:08","slug":"el-mapa-de-la-batalla-para-2015","status":"publish","type":"post","link":"https:\/\/blogs.eldiariomontanes.es\/acapella\/2014\/06\/16\/el-mapa-de-la-batalla-para-2015\/","title":{"rendered":"El mapa de la batalla para 2015"},"content":{"rendered":"<p>&nbsp;<\/p>\n<p><a href=\"\/acapella\/wp-content\/uploads\/sites\/14\/2014\/06\/ansola-domingo.jpg\"><img loading=\"lazy\" class=\"aligncenter  wp-image-179\" title=\"ansola domingo\" src=\"\/acapella\/wp-content\/uploads\/sites\/14\/2014\/06\/ansola-domingo.jpg\" alt=\"\" width=\"499\" height=\"132\" \/><\/a>\u00bfY qu\u00e9 hay de lo m\u00edo? A once meses de las elecciones auton\u00f3micas y municipales de 2015, entre los alcaldes y en la amplia estructura municipal del PP empieza a cundir una cierta inquietud por la falta de pulso. Es ese problema recurrente en las formaciones pol\u00edticas que cuando llegan al poder se vuelcan en la acci\u00f3n de gobierno y relegan el d\u00eda a d\u00eda del partido. Un olvido m\u00e1s palpable en una legislatura dif\u00edcil, escasa en la inversi\u00f3n y en los fondos municipales. La mayor\u00eda de los ediles va a seguir, pero echan de menos la atenci\u00f3n y el est\u00edmulo desde Santander, el gui\u00f1o del presidente del Gobierno y del partido, Ignacio Diego, para confirmarles que su foto estar\u00e1 en el cartel electoral. A algunos no hace falta que nadie les diga nada: Jos\u00e9 Manuel Igual, alcalde de Arnuero, diputado y poderoso vicesecretario del PP, ha anticipado que ser\u00e1 de nuevo candidato, y el portavoz municipal de Puente Viesgo, Fernando P\u00e9rez Cos, ya cuenta con que no repetir\u00e1 despu\u00e9s de haber puesto pingando a Rajoy, de hacer campa\u00f1a por Vox en las europeas y de haber tenido una \u2018pelotera\u2019 por tel\u00e9fono con Ignacio Diego. Y, para decirlo todo, de perder por goleada frente al PRC en 2011.<br \/>\nLa incertidumbre principal alude, claro, al alcalde de Santander, \u00cd\u00f1igo de la Serna, y se prolonga desde hace mucho tiempo. Pero la quiniela del PP est\u00e1 marcada al \u20181\u2019 fijo: De la Serna ser\u00e1 candidato por tercera vez. Cuanto m\u00e1s dura la intriga, m\u00e1s convencimiento hay de que seguir\u00e1. Si al final no fuera as\u00ed, si renunciara con tan poco margen de maniobra, muchas voces en el PP hablar\u00edan de deslealtad.<br \/>\nPor si acaso, hay plan B, con hombres o mujeres, de dentro o de fuera de la Corporaci\u00f3n, en principio capaces de ganar con holgura, como casi siempre en Santander. Lo que ya no est\u00e1 tan claro es si las opciones alternativas alcanzar\u00edan el plus de votos que el actual alcalde tiene muy acreditado, y que en 2011 fue quiz\u00e1 decisivo para que el PP lograse la hist\u00f3rica mayor\u00eda absoluta en el Parlamento de Cantabria. Tambi\u00e9n la oposici\u00f3n, PSOE, PRC y los partidos emergentes, permanecen atentos a la pantalla por si les llega la buena nueva del adi\u00f3s de De la Serna.<br \/>\nEn realidad, el PP prev\u00e9 pocos cambios para las elecciones. La gran renovaci\u00f3n se produjo en 2007, con 41 candidatos nuevos, entre ellos Diego y de la Serna. En 2011, adem\u00e1s de la mayor\u00eda en el Parlamento, logr\u00f3 58 de las 102 alcald\u00edas, aunque dos de ellas \u2013las de Mazcuerras y Torrelavega\u2013 se han perdido por el camino en sendas mociones de censura. Ildefonso Calder\u00f3n obtuvo una in\u00e9dita victoria en Torrelavega y el PP cree que puede lograrlo de nuevo.  Tampoco se prev\u00e9n novedades en el poblado entorno de la bah\u00eda con mayor\u00edas absolutas en Camargo, El Astillero, Bezana, Medio Cudeyo, Miengo o Polanco. Y en Pi\u00e9lagos \u2013cuyo alcalde, Enrique Torre, una exitosa apuesta de Ignacio Diego para suplir a Jes\u00fas \u00c1ngel Pacheco, no est\u00e1 c\u00f3modo con el legado recibido\u2013 y en San Vicente de la Barquera o Alfoz.<br \/>\nLaredo, Santo\u00f1a, Cabez\u00f3n, Los Corrales, Reoc\u00edn, Marina de Cudeyo&#8230;, por citar otros de importante poblaci\u00f3n. Todos los hombres y mujeres que estrenaron bast\u00f3n de mando hace tres a\u00f1os, salvo imprevistos, repetir\u00e1n como candidatos, tambi\u00e9n los que gobiernan en minor\u00eda. En Castro Urdiales y en Cay\u00f3n queda por ver la evoluci\u00f3n de las imputaciones judiciales de sus alcaldes.<br \/>\nLa acci\u00f3n electoral de los populares se centrar\u00e1, naturalmente, en sus flancos d\u00e9biles. El mapa de la batalla es n\u00edtido: el Alto Besaya, desde Torrelavega y Cartes hasta Reinosa, pasando por Buelna e Igu\u00f1a. La cuenca del As\u00f3n, de Colindres a Ampuero, Ruesga y Soba. La comarca del Pas-Pisue\u00f1a, gran feudo regionalista al que el PP combate bajo el estandarte del veto al fracking, y otros puntos aqu\u00ed y all\u00e1: Val de San Vicente, Pe\u00f1arrubia, parte de Li\u00e9bana, B\u00e1rcena de Cicero, Suances o Herrer\u00edas. No hay se\u00f1ales a\u00fan de \u2018guerra de fichajes\u2019, como la que hubo en 2011.<br \/>\nEl PP no ha convocado todav\u00eda a los dirigentes de toda la regi\u00f3n para analizar los resultados de las europeas y poner en marcha la maquinaria electoral para mayo de 2015. La excusa es el cercano \u2018Debate sobre el Estado de la Regi\u00f3n\u2019, el \u00faltimo de la legislatura para Ignacio Diego, obligado por ello a emitir un mensaje de optimismo apoyado en las m\u00e1s recientes cifras de crecimiento y empleo.<br \/>\nPero en alg\u00fan momento tendr\u00e1n que sentarse a sacar conclusiones. Los alcaldes, quien m\u00e1s, quien menos, han perdido el 25 de mayo 12, 15, 18 puntos con respecto a hace cinco a\u00f1os por la abstenci\u00f3n y por el empuje de los partidos peque\u00f1os, principalmente de la izquierda radical, y todos se preguntan cu\u00e1nto quedar\u00e1 de esa tendencia dentro de once meses.<br \/>\nEn realidad, lo que se plantean \u2013ellos son gente pr\u00e1ctica y flexible, ya se sabe\u2013  es que, dado que las mayor\u00edas absolutas se observan muy dif\u00edciles, si no ser\u00eda prudente restaurar alg\u00fan puente de di\u00e1logo con el gran adversario de hoy, que fue el socio anteayer, el PRC de Revilla. Por lo que pudiera pasar. En una docena de municipios ha funcionado bastante bien la idea durante esta legislatura. Pero en el aparato del PP eso es, al d\u00eda de hoy, como mentar la bicha.<\/p>\n<!-- AddThis Advanced Settings generic via filter on the_content --><!-- AddThis Share Buttons generic via filter on the_content -->","protected":false},"excerpt":{"rendered":"<p>&nbsp; \u00bfY qu\u00e9 hay de lo m\u00edo? A once meses de las elecciones auton\u00f3micas y municipales de 2015, entre los alcaldes y en la amplia estructura municipal del PP empieza a cundir una cierta inquietud por la falta de pulso. Es ese problema recurrente en las formaciones pol\u00edticas que cuando llegan al poder se vuelcan [&hellip;]<!-- AddThis Advanced Settings generic via filter on get_the_excerpt --><!-- AddThis Share Buttons generic via filter on get_the_excerpt --><\/p>\n","protected":false},"author":17,"featured_media":0,"comment_status":"open","ping_status":"open","sticky":false,"template":"","format":"standard","meta":[],"categories":[2],"tags":[],"_links":{"self":[{"href":"https:\/\/blogs.eldiariomontanes.es\/acapella\/wp-json\/wp\/v2\/posts\/178"}],"collection":[{"href":"https:\/\/blogs.eldiariomontanes.es\/acapella\/wp-json\/wp\/v2\/posts"}],"about":[{"href":"https:\/\/blogs.eldiariomontanes.es\/acapella\/wp-json\/wp\/v2\/types\/post"}],"author":[{"embeddable":true,"href":"https:\/\/blogs.eldiariomontanes.es\/acapella\/wp-json\/wp\/v2\/users\/17"}],"replies":[{"embeddable":true,"href":"https:\/\/blogs.eldiariomontanes.es\/acapella\/wp-json\/wp\/v2\/comments?post=178"}],"version-history":[{"count":0,"href":"https:\/\/blogs.eldiariomontanes.es\/acapella\/wp-json\/wp\/v2\/posts\/178\/revisions"}],"wp:attachment":[{"href":"https:\/\/blogs.eldiariomontanes.es\/acapella\/wp-json\/wp\/v2\/media?parent=178"}],"wp:term":[{"taxonomy":"category","embeddable":true,"href":"https:\/\/blogs.eldiariomontanes.es\/acapella\/wp-json\/wp\/v2\/categories?post=178"},{"taxonomy":"post_tag","embeddable":true,"href":"https:\/\/blogs.eldiariomontanes.es\/acapella\/wp-json\/wp\/v2\/tags?post=178"}],"curies":[{"name":"wp","href":"https:\/\/api.w.org\/{rel}","templated":true}]}}