{"id":173,"date":"2014-06-02T07:49:32","date_gmt":"2014-06-02T07:49:32","guid":{"rendered":"http:\/\/blogs.eldiariomontanes.es\/acapella\/?p=173"},"modified":"2014-06-02T07:49:32","modified_gmt":"2014-06-02T07:49:32","slug":"pp-y-psoe-ante-el-enigma-revilla","status":"publish","type":"post","link":"https:\/\/blogs.eldiariomontanes.es\/acapella\/2014\/06\/02\/pp-y-psoe-ante-el-enigma-revilla\/","title":{"rendered":"PP y PSOE, ante el &#039;enigma Revilla&#039;"},"content":{"rendered":"<p>&nbsp;<\/p>\n<p><a href=\"\/acapella\/wp-content\/uploads\/sites\/14\/2014\/06\/ansola.jpg\"><img loading=\"lazy\" class=\"aligncenter  wp-image-174\" title=\"ansola\" src=\"\/acapella\/wp-content\/uploads\/sites\/14\/2014\/06\/ansola.jpg\" alt=\"\" width=\"683\" height=\"180\" \/><\/a><\/p>\n<p>&nbsp;<\/p>\n<p>&#8216;Esto es como lo de la crisis econ\u00f3mica: en 2015 nos recuperaremos y volveremos a ganar, pero ya no ser\u00e1 como antes\u2019. La reflexi\u00f3n, te\u00f1ida de la nostalgia de los buenos tiempos, refleja el convencimiento ya definitivo en el PP de Cantabria de que en 2015 les ser\u00e1 punto menos que imposible renovar la mayor\u00eda absoluta, siempre tan dif\u00edcil aun en las circunstancias m\u00e1s propicias. El discurso oficial es que el partido ha ganado holgadamente las europeas, como todas las elecciones en Cantabria desde hace 20 a\u00f1os, sin m\u00e1s reparos que la medida autocr\u00edtica del alcalde de Santander, \u00cd\u00f1igo de la Serna, y la furia desatada contra Mariano Rajoy por el portavoz municipal de Puente Viesgo, Fernando P\u00e9rez Cos.<br \/>\nNo hay que extrapolar ni la participaci\u00f3n ni los resultados de unas elecciones a otras, insiste el PP, pero es inevitable el escalofr\u00edo. Y pensar que en el partido se detectaba durante la campa\u00f1a una cierta preocupaci\u00f3n por la fuga hacia Vox (3.800 votos en Cantabria) cuando la factura finalmente ha sido de 50.000 menos respecto a 2009. Y lo peor de todo: el temor a que esta tendencia haga tambalearse en 2015 el enorme caudal de votos, de confianza y de poder pol\u00edtico alcanzado por el PP hace tres a\u00f1os. Sobre todo, si no se produce a tiempo una n\u00edtida recuperaci\u00f3n de la econom\u00eda y el empleo.<br \/>\nPor lo pronto, los populares se han consagrado a la demolici\u00f3n por tierra, mar y aire de Pablo Iglesias, el televisivo profesor de Ciencia Pol\u00edtica que lidera Podemos, emergida por sorpresa como tercera fuerza pol\u00edtica en Cantabria en su estreno electoral. En esta ofensiva, particularmente intensa en las redes sociales, no faltan tampoco las voces del socialismo alzadas frente a la amenaza que pide paso por la izquierda.<br \/>\nY es que en el PSOE el abatimiento es todav\u00eda mayor, tras perder m\u00e1s de 45.000 votos en las elecciones europeas y no reducir ni siquiera un punto la ventaja popular respecto a hace cinco a\u00f1os. Despu\u00e9s de 21 a\u00f1os de derrotas y de declive continuado, desde los 16 diputados regionales de 1991 hasta los siete actuales, el suelo electoral del PSOE de Cantabria aparece cada vez m\u00e1s profundo.<br \/>\nLa direcci\u00f3n ha reorientado sus querencias para brindar un ambiguo apoyo a Susana D\u00edaz y a la doctrina de \u2013\u2018un militante, un voto\u2019\u2013 en el proceloso trance de cambio de liderazgo abierto por la dimisi\u00f3n de Alfredo P\u00e9rez Rubalcaba. A la espera de que el Comit\u00e9 Regional sea convocado para analizar los resultados electorales, el sector cr\u00edtico estudia qu\u00e9 hacer frente a la nueva debacle que augura para 2015, aunque no es f\u00e1cil variar el rumbo cuando hace un mes la secretaria general, Eva D\u00edaz Tezanos, fue designada, sin oposici\u00f3n, candidata a competir con Ignacio Diego y Miguel \u00c1ngel Revilla por la Presidencia del Gobierno de Cantabria.<br \/>\nEl Parlamento de tres partidos quiz\u00e1 sea ya historia, pero de momento PP y PSOE miran de reojo\u00a0 a Revilla, que otra vez prefiri\u00f3 no \u2018examinarse\u2019 en las europeas, quiz\u00e1 escarmentado por el fracaso en las generales de 2011, y porque incluso el \u00e9xito habr\u00eda entorpecido su \u00faltimo sue\u00f1o pol\u00edtico: ganar en Cantabria el a\u00f1o que viene.<br \/>\nEn la c\u00fapula regionalista est\u00e1n encantados con la decisi\u00f3n de no haber concurrido a las urnas y tambi\u00e9n con las encuestas propias y ajenas que, dicen, les acercan al PP en intenci\u00f3n de voto. Durante la campa\u00f1a Revilla ha mantenido su discurso antisistema y solo ha apoyado sin gran entusiasmo al partido del juez Elpidio Silva, que se ha quedado sin esca\u00f1o en Europa.<br \/>\nLos dos partidos comparten el \u2018enigma Revilla\u2019. Los populares se preguntan \u2013o conf\u00edan\u2013 en que el l\u00edder regionalista ser\u00e1 castigado otra vez en las urnas, ya no por su malgobierno en el periodo 2003-2011, sino m\u00e1s bien por su continuada ausencia de Cantabria, por su falta de dedicaci\u00f3n a la pol\u00edtica dom\u00e9stica para atender a sus intereses medi\u00e1ticos en toda Espa\u00f1a. Revilla cree que no, que su popularidad es el mejor activo regionalista, una inesperada oportunidad para un partido que ha cambiado el Gobierno por la oposici\u00f3n. Pero por si acaso, acepta del enemigo el consejo. Su idea es intensificar la actividad pol\u00edtica en Cantabria, ahora que termina la grabaci\u00f3n de los siete programas de la serie \u2018Un pa\u00eds que merece la pena\u2019, que se emitir\u00e1 en televisi\u00f3n en horario de \u2018prime time\u2019 a partir de septiembre.<br \/>\nLos socialistas se hacen una pregunta similar, pero desde la esperanza: \u00bfTendr\u00e1 Revilla fuerzas para venir al rescate en las elecciones de 2015? Porque no ven otro camino. El regionalismo no quiere contaminarse ahora con la cercan\u00eda de un partido perdedor como el PSOE. A su vez, los socialistas enuncian peri\u00f3dicamente su determinaci\u00f3n de impulsar un discurso y una pol\u00edtica diferenciados del antiguo socio que casi les ha devorado. Pero llegada la hora de la verdad, lo esencial es volver al Gobierno. Solos o en compa\u00f1\u00eda de otros, aunque sea la izquierda radical que ni uno ni otro desean. Lo que sea preciso para conformar una mayor\u00eda parlamentaria y huir de la odiosa intemperie de la oposici\u00f3n. Como en el verso de Borges, \u2018no les une el amor, sino el espanto\u2019.<\/p>\n<!-- AddThis Advanced Settings generic via filter on the_content --><!-- AddThis Share Buttons generic via filter on the_content -->","protected":false},"excerpt":{"rendered":"<p>&nbsp; &nbsp; &#8216;Esto es como lo de la crisis econ\u00f3mica: en 2015 nos recuperaremos y volveremos a ganar, pero ya no ser\u00e1 como antes\u2019. La reflexi\u00f3n, te\u00f1ida de la nostalgia de los buenos tiempos, refleja el convencimiento ya definitivo en el PP de Cantabria de que en 2015 les ser\u00e1 punto menos que imposible renovar [&hellip;]<!-- AddThis Advanced Settings generic via filter on get_the_excerpt --><!-- AddThis Share Buttons generic via filter on get_the_excerpt --><\/p>\n","protected":false},"author":17,"featured_media":0,"comment_status":"open","ping_status":"open","sticky":false,"template":"","format":"standard","meta":[],"categories":[2],"tags":[],"_links":{"self":[{"href":"https:\/\/blogs.eldiariomontanes.es\/acapella\/wp-json\/wp\/v2\/posts\/173"}],"collection":[{"href":"https:\/\/blogs.eldiariomontanes.es\/acapella\/wp-json\/wp\/v2\/posts"}],"about":[{"href":"https:\/\/blogs.eldiariomontanes.es\/acapella\/wp-json\/wp\/v2\/types\/post"}],"author":[{"embeddable":true,"href":"https:\/\/blogs.eldiariomontanes.es\/acapella\/wp-json\/wp\/v2\/users\/17"}],"replies":[{"embeddable":true,"href":"https:\/\/blogs.eldiariomontanes.es\/acapella\/wp-json\/wp\/v2\/comments?post=173"}],"version-history":[{"count":0,"href":"https:\/\/blogs.eldiariomontanes.es\/acapella\/wp-json\/wp\/v2\/posts\/173\/revisions"}],"wp:attachment":[{"href":"https:\/\/blogs.eldiariomontanes.es\/acapella\/wp-json\/wp\/v2\/media?parent=173"}],"wp:term":[{"taxonomy":"category","embeddable":true,"href":"https:\/\/blogs.eldiariomontanes.es\/acapella\/wp-json\/wp\/v2\/categories?post=173"},{"taxonomy":"post_tag","embeddable":true,"href":"https:\/\/blogs.eldiariomontanes.es\/acapella\/wp-json\/wp\/v2\/tags?post=173"}],"curies":[{"name":"wp","href":"https:\/\/api.w.org\/{rel}","templated":true}]}}